{"id":1062,"date":"2026-04-09T07:16:50","date_gmt":"2026-04-09T10:16:50","guid":{"rendered":"https:\/\/www.namira.blog.br\/v1\/?p=1062"},"modified":"2026-04-09T07:18:23","modified_gmt":"2026-04-09T10:18:23","slug":"ccj-do-senado-aprova-pec-que-permite-demissao-de-juizes-e-promotores","status":"publish","type":"post","link":"https:\/\/www.namira.blog.br\/v1\/2026\/04\/09\/ccj-do-senado-aprova-pec-que-permite-demissao-de-juizes-e-promotores\/","title":{"rendered":"CCJ do Senado aprova PEC que permite demiss\u00e3o de ju\u00edzes e promotores"},"content":{"rendered":"<h3><img loading=\"lazy\" class=\"alignnone size-medium wp-image-1064 aligncenter\" src=\"http:\/\/www.namira.blog.br\/v1\/wp-content\/uploads\/2026\/04\/ccj-do-senado-aprova-pec-que-aca-300x200.jpg\" alt=\"\" width=\"300\" height=\"200\" srcset=\"https:\/\/www.namira.blog.br\/v1\/wp-content\/uploads\/2026\/04\/ccj-do-senado-aprova-pec-que-aca-300x200.jpg 300w, https:\/\/www.namira.blog.br\/v1\/wp-content\/uploads\/2026\/04\/ccj-do-senado-aprova-pec-que-aca.jpg 600w\" sizes=\"(max-width: 300px) 100vw, 300px\" \/><\/h3>\n<h3 style=\"text-align: center;\">A Comiss\u00e3o de Constitui\u00e7\u00e3o e Justi\u00e7a (CCJ) do Senado aprovou ontem a Proposta de Emenda \u00e0 Constitui\u00e7\u00e3o (PEC) que acaba com a aposentadoria compuls\u00f3ria como puni\u00e7\u00e3o disciplinar e abre caminho para a perda do cargo em casos de infra\u00e7\u00e3o grave. O texto segue agora para an\u00e1lise do plen\u00e1rio.<!--more--><\/h3>\n<h3>A proposta, apresentada pelo ontem ministro do Supremo Tribunal Federal (STF) Fl\u00e1vio Dino quando ainda era senador, foi relatada por Eliziane Gama (PT-MA), que deu parecer favor\u00e1vel.<\/h3>\n<h3>O avan\u00e7o ocorre na esteira de decis\u00e3o recente de Dino no STF, na qual o ministro afirmou que a aposentadoria compuls\u00f3ria \u2014 puni\u00e7\u00e3o que mant\u00e9m o pagamento de sal\u00e1rios \u2014 n\u00e3o tem mais respaldo constitucional ap\u00f3s a reforma da Previd\u00eancia.<\/h3>\n<h3><strong>O que diz o projeto<\/strong><\/h3>\n<h3>A PEC altera a Constitui\u00e7\u00e3o para vedar expressamente o uso da aposentadoria como san\u00e7\u00e3o disciplinar e permitir a perda do cargo, inclusive em fun\u00e7\u00f5es vital\u00edcia, quando comprovadas infra\u00e7\u00f5es graves.<\/h3>\n<h3><strong>Na pr\u00e1tica, a proposta:<\/strong><\/h3>\n<ul>\n<li>\n<h3>pro\u00edbe a aposentadoria compuls\u00f3ria como puni\u00e7\u00e3o<\/h3>\n<\/li>\n<li>\n<h3>autoriza a demiss\u00e3o de magistrados, membros do Minist\u00e9rio P\u00fablico<\/h3>\n<\/li>\n<li>\n<h3>estende a essas carreiras regras j\u00e1 aplicadas a outros servidores p\u00fablicos<\/h3>\n<\/li>\n<li>\n<h3>permite a perda do cargo ap\u00f3s processo administrativo, com contradit\u00f3rio e ampla defesa<\/h3>\n<\/li>\n<\/ul>\n<h3>O texto modifica dispositivos constitucionais que tratam dessas categorias e busca uniformizar o regime disciplinar no servi\u00e7o p\u00fablico.<\/h3>\n<h3>Hoje, a aposentadoria compuls\u00f3ria ainda \u00e9 aplicada em alguns casos, o que, na avalia\u00e7\u00e3o de senadores, cria distor\u00e7\u00f5es ao manter remunera\u00e7\u00e3o a agentes punidos.<\/h3>\n<h3>No parecer aprovado pela CCJ, a relatora sustenta que a proposta corrige uma distor\u00e7\u00e3o estrutural e refor\u00e7a a responsabiliza\u00e7\u00e3o de agentes p\u00fablicos.<\/h3>\n<h3>&#8220;A san\u00e7\u00e3o de perda do cargo \u00e9 medida voltada a evitar a desmoraliza\u00e7\u00e3o do servi\u00e7o p\u00fablico e o recrudescimento da desconfian\u00e7a da cidadania&#8221;, diz Eliziane no relat\u00f3rio<\/h3>\n<h3>O texto tamb\u00e9m aponta que a aposentadoria como puni\u00e7\u00e3o desvirtua um instituto de natureza previdenci\u00e1ria:<\/h3>\n<h3>&#8220;Tais san\u00e7\u00f5es representariam desvio de finalidade de institutos que deveriam ostentar natureza eminentemente previdenci\u00e1ria&#8221;.<\/h3>\n<h3>A relatora argumenta ainda que a mudan\u00e7a alinha as diferentes carreiras a um mesmo padr\u00e3o disciplinar e fortalece o princ\u00edpio da moralidade administrativa.<\/h3>\n<h3><strong>Como fica a puni\u00e7\u00e3o<\/strong><\/h3>\n<h3>Pelo texto aprovado, a perda do cargo n\u00e3o ser\u00e1 autom\u00e1tica.<\/h3>\n<h3>As regras foram ajustadas pela relatora em complemento de voto apresentado na CCJ, ap\u00f3s audi\u00eancia p\u00fablica e negocia\u00e7\u00e3o com senadores.<\/h3>\n<h3>A demiss\u00e3o passa a depender de decis\u00e3o judicial, em a\u00e7\u00e3o c\u00edvel a ser proposta em at\u00e9 30 dias, no mesmo tribunal competente para julgar o crime.<\/h3>\n<h3>Durante esse per\u00edodo, ap\u00f3s o reconhecimento administrativo da infra\u00e7\u00e3o, o agente ser\u00e1 afastado das fun\u00e7\u00f5es e ter\u00e1 a remunera\u00e7\u00e3o suspensa at\u00e9 o tr\u00e2nsito em julgado.<\/h3>\n<h3>A regra foi inclu\u00edda para preservar a vitaliciedade de magistrados e membros do Minist\u00e9rio P\u00fablico, considerada essencial para a independ\u00eancia das fun\u00e7\u00f5es.<\/h3>\n<h3><strong>Militares n\u00e3o ser\u00e3o impactados<\/strong><\/h3>\n<h3>No caso dos militares, a relatora tentou incluir a categoria do alcance da PEC, mantendo a aplica\u00e7\u00e3o das novas regras tamb\u00e9m \u00e0s For\u00e7as Armadas e \u00e0s pol\u00edcias militares. No entanto, o trecho foi votado em destaque separadamente e derrubado.<\/h3>\n<p>Fonte: O Globo<\/p>\n","protected":false},"excerpt":{"rendered":"<p>A Comiss\u00e3o de Constitui\u00e7\u00e3o e Justi\u00e7a (CCJ) do Senado aprovou ontem a Proposta de Emenda \u00e0 Constitui\u00e7\u00e3o (PEC) que acaba com a aposentadoria compuls\u00f3ria como puni\u00e7\u00e3o disciplinar e abre caminho para a perda do cargo em casos de infra\u00e7\u00e3o grave. O texto segue agora para an\u00e1lise do plen\u00e1rio.<\/p>\n","protected":false},"author":3,"featured_media":1063,"comment_status":"closed","ping_status":"closed","sticky":false,"template":"","format":"standard","meta":{"_links_to":"","_links_to_target":""},"categories":[1],"tags":[],"_links":{"self":[{"href":"https:\/\/www.namira.blog.br\/v1\/wp-json\/wp\/v2\/posts\/1062"}],"collection":[{"href":"https:\/\/www.namira.blog.br\/v1\/wp-json\/wp\/v2\/posts"}],"about":[{"href":"https:\/\/www.namira.blog.br\/v1\/wp-json\/wp\/v2\/types\/post"}],"author":[{"embeddable":true,"href":"https:\/\/www.namira.blog.br\/v1\/wp-json\/wp\/v2\/users\/3"}],"replies":[{"embeddable":true,"href":"https:\/\/www.namira.blog.br\/v1\/wp-json\/wp\/v2\/comments?post=1062"}],"version-history":[{"count":3,"href":"https:\/\/www.namira.blog.br\/v1\/wp-json\/wp\/v2\/posts\/1062\/revisions"}],"predecessor-version":[{"id":1067,"href":"https:\/\/www.namira.blog.br\/v1\/wp-json\/wp\/v2\/posts\/1062\/revisions\/1067"}],"wp:featuredmedia":[{"embeddable":true,"href":"https:\/\/www.namira.blog.br\/v1\/wp-json\/wp\/v2\/media\/1063"}],"wp:attachment":[{"href":"https:\/\/www.namira.blog.br\/v1\/wp-json\/wp\/v2\/media?parent=1062"}],"wp:term":[{"taxonomy":"category","embeddable":true,"href":"https:\/\/www.namira.blog.br\/v1\/wp-json\/wp\/v2\/categories?post=1062"},{"taxonomy":"post_tag","embeddable":true,"href":"https:\/\/www.namira.blog.br\/v1\/wp-json\/wp\/v2\/tags?post=1062"}],"curies":[{"name":"wp","href":"https:\/\/api.w.org\/{rel}","templated":true}]}}