{"id":1068,"date":"2026-04-09T07:22:28","date_gmt":"2026-04-09T10:22:28","guid":{"rendered":"https:\/\/www.namira.blog.br\/v1\/?p=1068"},"modified":"2026-04-09T07:22:28","modified_gmt":"2026-04-09T10:22:28","slug":"helio-negao-e-excluido-pelo-pl-de-disputa-por-vaga-ao-tcu-veja-lista-de-indicados","status":"publish","type":"post","link":"https:\/\/www.namira.blog.br\/v1\/2026\/04\/09\/helio-negao-e-excluido-pelo-pl-de-disputa-por-vaga-ao-tcu-veja-lista-de-indicados\/","title":{"rendered":"H\u00e9lio Neg\u00e3o \u00e9 exclu\u00eddo pelo PL de disputa por vaga ao TCU; veja lista de indicados"},"content":{"rendered":"<h3 data-mrf-recirculation=\"Links internos\"><img loading=\"lazy\" class=\"alignnone size-medium wp-image-1069 aligncenter\" src=\"http:\/\/www.namira.blog.br\/v1\/wp-content\/uploads\/2026\/04\/helio-lopes-300x200.jpg\" alt=\"\" width=\"300\" height=\"200\" srcset=\"https:\/\/www.namira.blog.br\/v1\/wp-content\/uploads\/2026\/04\/helio-lopes-300x200.jpg 300w, https:\/\/www.namira.blog.br\/v1\/wp-content\/uploads\/2026\/04\/helio-lopes.jpg 600w\" sizes=\"(max-width: 300px) 100vw, 300px\" \/><\/h3>\n<h3 style=\"text-align: justify;\" data-mrf-recirculation=\"Links internos\">O deputado federal <strong>H\u00e9lio Lopes (PL)<\/strong>, conhecido como H\u00e9lio Neg\u00e3o, foi rifado pelo PL e n\u00e3o est\u00e1 na lista dos indicados para ocupar vaga no <strong>Tribunal de Contas da Uni\u00e3o (TCU)<\/strong>, mesmo ao afirmar que havia conversado com o ex-presidente <strong>Jair Bolsonaro<\/strong> sobre o assunto. H\u00e1 uma vaga aberto no Tribunal que ser\u00e1 preenchida ap\u00f3s an\u00e1lise do Congresso Nacional.<!--more--><\/h3>\n<h3 style=\"text-align: justify;\" data-mrf-recirculation=\"Links internos\">\u201cFamiliares, amigos, parlamentares e jornalistas t\u00eam perguntado sobre minha \u00faltima conversa com meu irm\u00e3o Jair Bolsonaro. Ele me confiou duas miss\u00f5es claras: transferir meu domic\u00edlio eleitoral para Roraima e vir candidato por l\u00e1; colocar meu nome \u00e0 disposi\u00e7\u00e3o para o cargo de ministro do TCU\u201d, disse o deputado nesta ter\u00e7a-feira, 7.<\/h3>\n<h3 style=\"text-align: justify;\" data-mrf-recirculation=\"Links internos\">Nesta quarta-feira, 8, a lista oficial com indicados n\u00e3o conta com o nome do parlamentar. De acordo com a lista, o PL indicou a deputada federal <strong>Soraya Santos (RJ)<\/strong>. A indica\u00e7\u00e3o partiu de S\u00f3stenes Cavalcante (RJ) e foi enviada ao presidente da Casa, Hugo Motta (Republicanos) \u00e0s 15h43 desta quarta.<\/h3>\n<h3 style=\"text-align: justify;\">Veja lista de indicados:<\/h3>\n<h3 style=\"text-align: justify;\" data-mrf-recirculation=\"Links internos\">1) Of\u00edcio n. 87\/2026\/PSDB\/CIDADANIA, encaminhado pelo Deputado Adolfo Viana, L\u00edder da Federa\u00e7\u00e3o PSDB\/CIDADANIA, <strong>que indica o Senhor Deputado DANILO FORTE<\/strong>, recebido em 7\/4\/2026, \u00e0s 20h42;<\/h3>\n<h3 style=\"text-align: justify;\" data-mrf-recirculation=\"Links internos\">2) Of\u00edcio n. 40\/2026\/PSD, encaminhado pelo Deputado Antonio Brito, L\u00edder do PSD,<strong> que indica o Senhor Deputado HUGO <\/strong><strong>LEAL<\/strong>, recebido em 7\/4\/2026, \u00e0s 22h04;<\/h3>\n<h3 style=\"text-align: justify;\" data-mrf-recirculation=\"Links internos\">3) Memo n. 099-A-Uni\u00e3o\/2026, encaminhado pelo Deputado Pedro Lucas Fernandes, L\u00edder do Uni\u00e3o Brasil, <strong>que indica o <\/strong><strong>Deputado ELMAR NASCIMENTO<\/strong>, recebido em 8\/4\/2026, \u00e0s 13h23;<\/h3>\n<h3 style=\"text-align: justify;\" data-mrf-recirculation=\"Links internos\">4) Of\u00edcio LID-PODE n. 33\/2026, encaminhado pelo Deputado Rodrigo Gambale, <strong>que indica o Deputado GILSON DANIEL<\/strong>, recebido em 8\/4\/2026, \u00e0s 13h54;<\/h3>\n<h3 style=\"text-align: justify;\" data-mrf-recirculation=\"Links internos\">5) Of\u00edcio\/GAB\/I n. 087\/2026, encaminhado pelo Deputado Isnaldo Bulh\u00f5es Jr., L\u00edder do MDB, <strong>que indica o Deputado <\/strong><strong>ODAIR CUNHA<\/strong>, recebido em 8\/4\/2026, \u00e0s 13h56;<\/h3>\n<h3 style=\"text-align: justify;\" data-mrf-recirculation=\"Links internos\">6) Of\u00edcio n. 176\/2025 \u2013 Lid-PL, encaminhado pelo Deputado S\u00f3stenes Cavalcante, L\u00edder do PL, <strong>que indica a Deputada <\/strong><strong>SORAYA SANTOS<\/strong>, recebido em 8\/4\/2026, \u00e0s 15h43;<\/h3>\n<h3 style=\"text-align: justify;\" data-mrf-recirculation=\"Links internos\">7) Of\u00edcio n. 175\/2026 \u2013 GAB, encaminhado pelos Deputados Pedro Uczai, M\u00e1rio Heringer, Jandira Feghali, Jonas Donizette, Augusto Coutinho, Aureo Ribeiro, Fred Costa, Doutor Luizinho, Aliel Machado e Tarc\u00edsio Motta, respectivamente L\u00edderes do PT, PDT, PcdoB, PSB, Republicanos, Solidariedade, PRD, PP, PV e PSOL, que indica o Deputado<strong> ODAIR CUNHA<\/strong>, recebido em 8\/4\/2026, \u00e0s 15h52;<\/h3>\n<h3 style=\"text-align: justify;\" data-mrf-recirculation=\"Links internos\">8) Of\u00edcio n. 2\/2026\/NOVO\/CD, encaminhado pelo Deputado <a href=\"https:\/\/veja.abril.com.br\/noticias-sobre\/marcel-van-hattem\/\">Marcel van Hattem<\/a>, Representante do NOVO, <strong>que indica a <\/strong><strong>Deputada ADRIANA VENTURA<\/strong>, recebido em 8\/4\/2026, \u00e0s 15h57.<\/h3>\n","protected":false},"excerpt":{"rendered":"<p>O deputado federal H\u00e9lio Lopes (PL), conhecido como H\u00e9lio Neg\u00e3o, foi rifado pelo PL e n\u00e3o est\u00e1 na lista dos indicados para ocupar vaga no Tribunal de Contas da Uni\u00e3o (TCU), mesmo ao afirmar que havia conversado com o ex-presidente Jair Bolsonaro sobre o assunto. H\u00e1 uma vaga aberto no Tribunal que ser\u00e1 preenchida ap\u00f3s [&hellip;]<\/p>\n","protected":false},"author":3,"featured_media":1069,"comment_status":"closed","ping_status":"closed","sticky":false,"template":"","format":"standard","meta":{"_links_to":"","_links_to_target":""},"categories":[1],"tags":[],"_links":{"self":[{"href":"https:\/\/www.namira.blog.br\/v1\/wp-json\/wp\/v2\/posts\/1068"}],"collection":[{"href":"https:\/\/www.namira.blog.br\/v1\/wp-json\/wp\/v2\/posts"}],"about":[{"href":"https:\/\/www.namira.blog.br\/v1\/wp-json\/wp\/v2\/types\/post"}],"author":[{"embeddable":true,"href":"https:\/\/www.namira.blog.br\/v1\/wp-json\/wp\/v2\/users\/3"}],"replies":[{"embeddable":true,"href":"https:\/\/www.namira.blog.br\/v1\/wp-json\/wp\/v2\/comments?post=1068"}],"version-history":[{"count":1,"href":"https:\/\/www.namira.blog.br\/v1\/wp-json\/wp\/v2\/posts\/1068\/revisions"}],"predecessor-version":[{"id":1070,"href":"https:\/\/www.namira.blog.br\/v1\/wp-json\/wp\/v2\/posts\/1068\/revisions\/1070"}],"wp:featuredmedia":[{"embeddable":true,"href":"https:\/\/www.namira.blog.br\/v1\/wp-json\/wp\/v2\/media\/1069"}],"wp:attachment":[{"href":"https:\/\/www.namira.blog.br\/v1\/wp-json\/wp\/v2\/media?parent=1068"}],"wp:term":[{"taxonomy":"category","embeddable":true,"href":"https:\/\/www.namira.blog.br\/v1\/wp-json\/wp\/v2\/categories?post=1068"},{"taxonomy":"post_tag","embeddable":true,"href":"https:\/\/www.namira.blog.br\/v1\/wp-json\/wp\/v2\/tags?post=1068"}],"curies":[{"name":"wp","href":"https:\/\/api.w.org\/{rel}","templated":true}]}}