{"id":1075,"date":"2026-04-09T07:30:06","date_gmt":"2026-04-09T10:30:06","guid":{"rendered":"https:\/\/www.namira.blog.br\/v1\/?p=1075"},"modified":"2026-04-09T07:30:06","modified_gmt":"2026-04-09T10:30:06","slug":"veto-de-lula-a-pl-que-reduz-pena-de-bolsonaro-entra-na-mira-do-senado","status":"publish","type":"post","link":"https:\/\/www.namira.blog.br\/v1\/2026\/04\/09\/veto-de-lula-a-pl-que-reduz-pena-de-bolsonaro-entra-na-mira-do-senado\/","title":{"rendered":"Veto de Lula a PL que reduz pena de Bolsonaro entra na mira do Senado"},"content":{"rendered":"<h3 style=\"text-align: justify;\"><img loading=\"lazy\" class=\"size-medium wp-image-1076 aligncenter\" src=\"http:\/\/www.namira.blog.br\/v1\/wp-content\/uploads\/2026\/04\/veto-de-lula-a-pl-que-reduz-pena1-300x223.jpg\" alt=\"\" width=\"300\" height=\"223\" srcset=\"https:\/\/www.namira.blog.br\/v1\/wp-content\/uploads\/2026\/04\/veto-de-lula-a-pl-que-reduz-pena1-300x223.jpg 300w, https:\/\/www.namira.blog.br\/v1\/wp-content\/uploads\/2026\/04\/veto-de-lula-a-pl-que-reduz-pena1.jpg 600w\" sizes=\"(max-width: 300px) 100vw, 300px\" \/><\/h3>\n<h3>O presidente do Senado, Davi Alcolumbre (Uni\u00e3o Brasil-AP), sinalizou, na quarta-feira, 8, que pretende \u201cvotar o mais r\u00e1pido poss\u00edvel\u201d vetos do presidente Luiz In\u00e1cio Lula da Silva (PT) a projetos aprovados pelo Congresso, entre eles o PL da Dosimetria.<!--more--><\/h3>\n<h3>As datas de an\u00e1lise, segundo ele, ser\u00e3o marcadas ap\u00f3s alinhamento com o presidente da C\u00e2mara dos Deputados, Hugo Motta (Republicanos-PB).<\/h3>\n<h3>&#8220;Meu desejo \u00e9 o mais r\u00e1pido poss\u00edvel n\u00f3s fazermos uma sess\u00e3o do Congresso Nacional para deliberarmos um assunto relevant\u00edssimo e que carece da delibera\u00e7\u00e3o do Congresso, que \u00e9 o veto ou a manuten\u00e7\u00e3o do veto do projeto de lei da dosimetria&#8221;, disse a jornalistas.<\/h3>\n<h3>Relembre<\/h3>\n<h3>A C\u00e2mara e o Senado aprovaram, no fim do ano passado, o projeto de lei que viabiliza a redu\u00e7\u00e3o da puni\u00e7\u00e3o aplicada ao ex-presidente Jair Bolsonaro (PL), condenado a 27 anos e tr\u00eas meses de pris\u00e3o, e a outros envolvidos nos atos de 8 de janeiro de 2023.<\/h3>\n<h3>Em 8 de janeiro deste ano, Lula vetou integralmente o texto. A decis\u00e3o do presidente, no entanto, pode ser revista pelo Congresso, que pode manter ou derrubar o veto. Para a derrubada, s\u00e3o necess\u00e1rios 257 votos de deputados e 41 de senadores.<\/h3>\n<h3>O que diz o PL da Dosimetria?<\/h3>\n<h3>A proposta estabelece:<\/h3>\n<ul>\n<li>\n<h3>Um mecanismo para tornar mais r\u00e1pida a progress\u00e3o do regime de pena, quando um condenado sai de uma modalidade mais severa e passa para um regime mais brando;<\/h3>\n<\/li>\n<li>\n<h3>Redu\u00e7\u00e3o de at\u00e9 2\/3 da pena imposta aos v\u00e2ndalos comuns dos ataques de 8 de janeiro de 2023;<\/h3>\n<\/li>\n<li>\n<h3>Que o crime de tentativa de golpe de Estado, com penas maiores, vai absorver o de tentativa de aboli\u00e7\u00e3o do Estado, em caso de condena\u00e7\u00e3o simult\u00e2nea.<\/h3>\n<\/li>\n<\/ul>\n<h3>O texto aprovado tamb\u00e9m estabelece que os condenados por envolvimento com os ataques de 8 de janeiro de 2023 ter\u00e3o direito a progredir ao regime semiaberto ap\u00f3s o cumprimento de 16% da pena no regime fechado.<\/h3>\n","protected":false},"excerpt":{"rendered":"<p>O presidente do Senado, Davi Alcolumbre (Uni\u00e3o Brasil-AP), sinalizou, na quarta-feira, 8, que pretende \u201cvotar o mais r\u00e1pido poss\u00edvel\u201d vetos do presidente Luiz In\u00e1cio Lula da Silva (PT) a projetos aprovados pelo Congresso, entre eles o PL da Dosimetria.<\/p>\n","protected":false},"author":3,"featured_media":1076,"comment_status":"closed","ping_status":"closed","sticky":false,"template":"","format":"standard","meta":{"_links_to":"","_links_to_target":""},"categories":[9,10],"tags":[],"_links":{"self":[{"href":"https:\/\/www.namira.blog.br\/v1\/wp-json\/wp\/v2\/posts\/1075"}],"collection":[{"href":"https:\/\/www.namira.blog.br\/v1\/wp-json\/wp\/v2\/posts"}],"about":[{"href":"https:\/\/www.namira.blog.br\/v1\/wp-json\/wp\/v2\/types\/post"}],"author":[{"embeddable":true,"href":"https:\/\/www.namira.blog.br\/v1\/wp-json\/wp\/v2\/users\/3"}],"replies":[{"embeddable":true,"href":"https:\/\/www.namira.blog.br\/v1\/wp-json\/wp\/v2\/comments?post=1075"}],"version-history":[{"count":1,"href":"https:\/\/www.namira.blog.br\/v1\/wp-json\/wp\/v2\/posts\/1075\/revisions"}],"predecessor-version":[{"id":1077,"href":"https:\/\/www.namira.blog.br\/v1\/wp-json\/wp\/v2\/posts\/1075\/revisions\/1077"}],"wp:featuredmedia":[{"embeddable":true,"href":"https:\/\/www.namira.blog.br\/v1\/wp-json\/wp\/v2\/media\/1076"}],"wp:attachment":[{"href":"https:\/\/www.namira.blog.br\/v1\/wp-json\/wp\/v2\/media?parent=1075"}],"wp:term":[{"taxonomy":"category","embeddable":true,"href":"https:\/\/www.namira.blog.br\/v1\/wp-json\/wp\/v2\/categories?post=1075"},{"taxonomy":"post_tag","embeddable":true,"href":"https:\/\/www.namira.blog.br\/v1\/wp-json\/wp\/v2\/tags?post=1075"}],"curies":[{"name":"wp","href":"https:\/\/api.w.org\/{rel}","templated":true}]}}