{"id":1323,"date":"2026-04-26T08:13:46","date_gmt":"2026-04-26T11:13:46","guid":{"rendered":"https:\/\/www.namira.blog.br\/v1\/?p=1323"},"modified":"2026-04-26T08:14:07","modified_gmt":"2026-04-26T11:14:07","slug":"conta-de-luz-tera-bandeira-amarela-em-maio","status":"publish","type":"post","link":"https:\/\/www.namira.blog.br\/v1\/2026\/04\/26\/conta-de-luz-tera-bandeira-amarela-em-maio\/","title":{"rendered":"CONTA DE LUZ TER\u00c1 BANDEIRA AMARELA EM MAIO"},"content":{"rendered":"<h3><img loading=\"lazy\" class=\"alignnone size-medium wp-image-1324 aligncenter\" src=\"http:\/\/www.namira.blog.br\/v1\/wp-content\/uploads\/2026\/04\/nova-fatura_widemd-300x168.jpg\" alt=\"\" width=\"300\" height=\"168\" srcset=\"https:\/\/www.namira.blog.br\/v1\/wp-content\/uploads\/2026\/04\/nova-fatura_widemd-300x168.jpg 300w, https:\/\/www.namira.blog.br\/v1\/wp-content\/uploads\/2026\/04\/nova-fatura_widemd.jpg 545w\" sizes=\"(max-width: 300px) 100vw, 300px\" \/><\/h3>\n<h3 style=\"text-align: justify;\">A Ag\u00eancia Nacional de Energia El\u00e9trica anunciou, na sexta-feira (24), que ser\u00e1 amarela a bandeira tarif\u00e1ria no m\u00eas de maio. Com isso, os consumidores de energia el\u00e9trica ter\u00e3o custo adicional de R$ 1,885 a cada 100 kWh consumidos. De acordo com a Aneel, a medida ocorre devido \u00e0 redu\u00e7\u00e3o de chuvas, o que leva a uma gera\u00e7\u00e3o hidrel\u00e9trica menor e ao acionamento de usinas termel\u00e9tricas, com custo mais elevado.<!--more--><\/h3>\n<h3 style=\"text-align: justify;\">De janeiro a abril deste ano, a bandeira tarif\u00e1ria permaneceu verde, refletindo as condi\u00e7\u00f5es favor\u00e1veis de gera\u00e7\u00e3o, conforme informou a Ag\u00eancia Nacional. Adotado pela Aneel em 2015, o sistema de bandeiras tarif\u00e1rias \u00e9 uma ferramenta essencial de transpar\u00eancia, permitindo que os consumidores acompanhem, m\u00eas a m\u00eas, as condi\u00e7\u00f5es de gera\u00e7\u00e3o de energia no Pa\u00eds.<\/h3>\n","protected":false},"excerpt":{"rendered":"<p>A Ag\u00eancia Nacional de Energia El\u00e9trica anunciou, na sexta-feira (24), que ser\u00e1 amarela a bandeira tarif\u00e1ria no m\u00eas de maio. Com isso, os consumidores de energia el\u00e9trica ter\u00e3o custo adicional de R$ 1,885 a cada 100 kWh consumidos. De acordo com a Aneel, a medida ocorre devido \u00e0 redu\u00e7\u00e3o de chuvas, o que leva a [&hellip;]<\/p>\n","protected":false},"author":3,"featured_media":1324,"comment_status":"closed","ping_status":"closed","sticky":false,"template":"","format":"standard","meta":{"_links_to":"","_links_to_target":""},"categories":[11,9],"tags":[],"_links":{"self":[{"href":"https:\/\/www.namira.blog.br\/v1\/wp-json\/wp\/v2\/posts\/1323"}],"collection":[{"href":"https:\/\/www.namira.blog.br\/v1\/wp-json\/wp\/v2\/posts"}],"about":[{"href":"https:\/\/www.namira.blog.br\/v1\/wp-json\/wp\/v2\/types\/post"}],"author":[{"embeddable":true,"href":"https:\/\/www.namira.blog.br\/v1\/wp-json\/wp\/v2\/users\/3"}],"replies":[{"embeddable":true,"href":"https:\/\/www.namira.blog.br\/v1\/wp-json\/wp\/v2\/comments?post=1323"}],"version-history":[{"count":2,"href":"https:\/\/www.namira.blog.br\/v1\/wp-json\/wp\/v2\/posts\/1323\/revisions"}],"predecessor-version":[{"id":1326,"href":"https:\/\/www.namira.blog.br\/v1\/wp-json\/wp\/v2\/posts\/1323\/revisions\/1326"}],"wp:featuredmedia":[{"embeddable":true,"href":"https:\/\/www.namira.blog.br\/v1\/wp-json\/wp\/v2\/media\/1324"}],"wp:attachment":[{"href":"https:\/\/www.namira.blog.br\/v1\/wp-json\/wp\/v2\/media?parent=1323"}],"wp:term":[{"taxonomy":"category","embeddable":true,"href":"https:\/\/www.namira.blog.br\/v1\/wp-json\/wp\/v2\/categories?post=1323"},{"taxonomy":"post_tag","embeddable":true,"href":"https:\/\/www.namira.blog.br\/v1\/wp-json\/wp\/v2\/tags?post=1323"}],"curies":[{"name":"wp","href":"https:\/\/api.w.org\/{rel}","templated":true}]}}