{"id":1331,"date":"2026-04-26T08:23:40","date_gmt":"2026-04-26T11:23:40","guid":{"rendered":"https:\/\/www.namira.blog.br\/v1\/?p=1331"},"modified":"2026-04-26T08:23:40","modified_gmt":"2026-04-26T11:23:40","slug":"prefeitura-de-itabuna-publica-aviso-de-chamada-publica-do-programa-nacional-de-alimentacao-escolar","status":"publish","type":"post","link":"https:\/\/www.namira.blog.br\/v1\/2026\/04\/26\/prefeitura-de-itabuna-publica-aviso-de-chamada-publica-do-programa-nacional-de-alimentacao-escolar\/","title":{"rendered":"Prefeitura de Itabuna publica Aviso de Chamada P\u00fablica do Programa Nacional de Alimenta\u00e7\u00e3o Escolar"},"content":{"rendered":"<h3><img loading=\"lazy\" class=\"alignnone size-medium wp-image-1332 aligncenter\" src=\"http:\/\/www.namira.blog.br\/v1\/wp-content\/uploads\/2026\/04\/e892fbb2-9685-45c8-a4ca-e8e4026a368f-1024x768-1-300x225.jpeg\" alt=\"\" width=\"300\" height=\"225\" srcset=\"https:\/\/www.namira.blog.br\/v1\/wp-content\/uploads\/2026\/04\/e892fbb2-9685-45c8-a4ca-e8e4026a368f-1024x768-1-300x225.jpeg 300w, https:\/\/www.namira.blog.br\/v1\/wp-content\/uploads\/2026\/04\/e892fbb2-9685-45c8-a4ca-e8e4026a368f-1024x768-1-400x300.jpeg 400w, https:\/\/www.namira.blog.br\/v1\/wp-content\/uploads\/2026\/04\/e892fbb2-9685-45c8-a4ca-e8e4026a368f-1024x768-1.jpeg 600w\" sizes=\"(max-width: 300px) 100vw, 300px\" \/><\/h3>\n<h3>A Prefeitura de Itabuna publicou, nas edi\u00e7\u00f5es eletr\u00f4nicas dos Di\u00e1rios Oficiais da Uni\u00e3o, do Estado e do Munic\u00edpio, o Aviso de Chamada P\u00fablica n\u00ba 01\/2026, destinado ao atendimento do Programa Nacional de Alimenta\u00e7\u00e3o Escolar (PNAE), para a aquisi\u00e7\u00e3o de g\u00eaneros aliment\u00edcios da agricultura familiar e do empreendedor familiar rural, destinados \u00e0 alimenta\u00e7\u00e3o escolar das unidades da Rede Municipal de Ensino.<!--more--><\/h3>\n<h3>O credenciamento ficar\u00e1 aberto no per\u00edodo de 27 de abril a 18 de maio, das 9h \u00e0s 14h, no Setor de Licita\u00e7\u00f5es da Secretaria de Gest\u00e3o e Inova\u00e7\u00e3o, localizado na Avenida Aziz Maron, n\u00ba 1067, 2\u00ba andar, bairro Jardim Vit\u00f3ria.<\/h3>\n<h3>A abertura da sess\u00e3o p\u00fablica ocorrer\u00e1 no dia 19 de maio, \u00e0s 9h.<\/h3>\n<h3>Demais informa\u00e7\u00f5es podem ser obtidas por meio do correio eletr\u00f4nico (e-mail): itabunalicita@gmail.com. O edital est\u00e1 dispon\u00edvel no Portal da Prefeitura, no endere\u00e7o: <a href=\"https:\/\/licitacao.prefeituradeitabuna.com.br\/register\/filter\">https:\/\/licitacao.prefeituradeitabuna.com.br\/register\/filter<\/a>.<\/h3>\n","protected":false},"excerpt":{"rendered":"<p>A Prefeitura de Itabuna publicou, nas edi\u00e7\u00f5es eletr\u00f4nicas dos Di\u00e1rios Oficiais da Uni\u00e3o, do Estado e do Munic\u00edpio, o Aviso de Chamada P\u00fablica n\u00ba 01\/2026, destinado ao atendimento do Programa Nacional de Alimenta\u00e7\u00e3o Escolar (PNAE), para a aquisi\u00e7\u00e3o de g\u00eaneros aliment\u00edcios da agricultura familiar e do empreendedor familiar rural, destinados \u00e0 alimenta\u00e7\u00e3o escolar das unidades [&hellip;]<\/p>\n","protected":false},"author":3,"featured_media":1332,"comment_status":"closed","ping_status":"closed","sticky":false,"template":"","format":"standard","meta":{"_links_to":"","_links_to_target":""},"categories":[11,35],"tags":[],"_links":{"self":[{"href":"https:\/\/www.namira.blog.br\/v1\/wp-json\/wp\/v2\/posts\/1331"}],"collection":[{"href":"https:\/\/www.namira.blog.br\/v1\/wp-json\/wp\/v2\/posts"}],"about":[{"href":"https:\/\/www.namira.blog.br\/v1\/wp-json\/wp\/v2\/types\/post"}],"author":[{"embeddable":true,"href":"https:\/\/www.namira.blog.br\/v1\/wp-json\/wp\/v2\/users\/3"}],"replies":[{"embeddable":true,"href":"https:\/\/www.namira.blog.br\/v1\/wp-json\/wp\/v2\/comments?post=1331"}],"version-history":[{"count":1,"href":"https:\/\/www.namira.blog.br\/v1\/wp-json\/wp\/v2\/posts\/1331\/revisions"}],"predecessor-version":[{"id":1333,"href":"https:\/\/www.namira.blog.br\/v1\/wp-json\/wp\/v2\/posts\/1331\/revisions\/1333"}],"wp:featuredmedia":[{"embeddable":true,"href":"https:\/\/www.namira.blog.br\/v1\/wp-json\/wp\/v2\/media\/1332"}],"wp:attachment":[{"href":"https:\/\/www.namira.blog.br\/v1\/wp-json\/wp\/v2\/media?parent=1331"}],"wp:term":[{"taxonomy":"category","embeddable":true,"href":"https:\/\/www.namira.blog.br\/v1\/wp-json\/wp\/v2\/categories?post=1331"},{"taxonomy":"post_tag","embeddable":true,"href":"https:\/\/www.namira.blog.br\/v1\/wp-json\/wp\/v2\/tags?post=1331"}],"curies":[{"name":"wp","href":"https:\/\/api.w.org\/{rel}","templated":true}]}}