{"id":1348,"date":"2026-04-28T06:24:04","date_gmt":"2026-04-28T09:24:04","guid":{"rendered":"https:\/\/www.namira.blog.br\/v1\/?p=1348"},"modified":"2026-04-28T06:24:04","modified_gmt":"2026-04-28T09:24:04","slug":"combustiveis-recuam-e-botijao-de-gas-fica-mais-caro-veja-valores","status":"publish","type":"post","link":"https:\/\/www.namira.blog.br\/v1\/2026\/04\/28\/combustiveis-recuam-e-botijao-de-gas-fica-mais-caro-veja-valores\/","title":{"rendered":"Combust\u00edveis recuam e botij\u00e3o de g\u00e1s fica mais caro; veja valores"},"content":{"rendered":"<h3><img loading=\"lazy\" class=\"alignnone size-medium wp-image-1349 aligncenter\" src=\"http:\/\/www.namira.blog.br\/v1\/wp-content\/uploads\/2026\/04\/combustiveis-recuam-e-botijao-de-300x181.jpg\" alt=\"\" width=\"300\" height=\"181\" srcset=\"https:\/\/www.namira.blog.br\/v1\/wp-content\/uploads\/2026\/04\/combustiveis-recuam-e-botijao-de-300x181.jpg 300w, https:\/\/www.namira.blog.br\/v1\/wp-content\/uploads\/2026\/04\/combustiveis-recuam-e-botijao-de.jpg 600w\" sizes=\"(max-width: 300px) 100vw, 300px\" \/><\/h3>\n<h3 style=\"text-align: justify;\">Enquanto os motoristas sentem um leve al\u00edvio no bolso, as fam\u00edlias brasileiras enfrentam press\u00e3o no or\u00e7amento dom\u00e9stico. Dados da Ag\u00eancia Nacional do Petr\u00f3leo (ANP), coletados entre 19 e 25 de abril, mostram que gasolina e diesel registraram a terceira queda semanal consecutiva.<!--more--><\/h3>\n<h3 style=\"text-align: justify;\">Em contrapartida, o botij\u00e3o de g\u00e1s (GLP) n\u00e3o para de subir, acumulando seis semanas de altas ininterruptas.<\/h3>\n<p>Tudo sobre <strong>Economia<\/strong> em primeira m\u00e3o!<\/p>\n<h3 style=\"text-align: justify;\">Al\u00edvio no tanque ap\u00f3s choque da guerra no Ir\u00e3<\/h3>\n<h3 style=\"text-align: justify;\">A tend\u00eancia de queda nos combust\u00edveis l\u00edquidos reflete as medidas do governo para conter a infla\u00e7\u00e3o ap\u00f3s o in\u00edcio do conflito no Ir\u00e3, que desestabilizou o mercado de petr\u00f3leo.<\/h3>\n<h3 style=\"text-align: justify;\">Com a redu\u00e7\u00e3o de tributos federais (PIS\/Cofins) e o uso de subs\u00eddios, a gasolina caiu para uma m\u00e9dia de R$ 6,72, enquanto o diesel baixou para R$ 7,21.<\/h3>\n<h3 style=\"text-align: justify;\">Apesar do recuo recente, o cen\u00e1rio ainda \u00e9 de alerta. Desde o estopim da guerra, o diesel acumula uma valoriza\u00e7\u00e3o de 19,6% nas bombas, impactado diretamente pela cota\u00e7\u00e3o internacional do barril e pelos custos de frete.<\/h3>\n<h3 style=\"text-align: justify;\">Pre\u00e7os da Gasolina:<\/h3>\n<ul style=\"text-align: justify;\">\n<li>\n<h3>Pico: R$ 6,78 (Final de mar\u00e7o)<\/h3>\n<\/li>\n<li>\n<h3>Atual: R$ 6,72 (Pen\u00faltima semana de abril)<\/h3>\n<\/li>\n<\/ul>\n<h3 style=\"text-align: justify;\">Pre\u00e7os do Diesel:<\/h3>\n<ul style=\"text-align: justify;\">\n<li>\n<h3>Pico: R$ 7,45 (Virada de mar\u00e7o para abril)<\/h3>\n<\/li>\n<li>\n<h3>Atual: R$ 7,21 (Pen\u00faltima semana de abril)<\/h3>\n<\/li>\n<\/ul>\n<h3 style=\"text-align: justify;\">Crise na Petrobras e a escalada do g\u00e1s de cozinha<\/h3>\n<h3 style=\"text-align: justify;\">O movimento inverso do GLP (botij\u00e3o de 13kg) acendeu um sinal amarelo na economia. O pre\u00e7o m\u00e9dio saltou de R$ 114,39 para R$ 114,61 na \u00faltima semana, totalizando um avan\u00e7o de 4,3% no per\u00edodo de guerra.<\/h3>\n<h3 style=\"text-align: justify;\">O setor vive um clima de tens\u00e3o ap\u00f3s um leil\u00e3o pol\u00eamico da Petrobras, que tentou aplicar pre\u00e7os acima da tabela de refer\u00eancia.<\/h3>\n<h3 style=\"text-align: justify;\">O epis\u00f3dio n\u00e3o apenas pressionou o valor final ao consumidor, como gerou uma crise institucional na estatal. A repercuss\u00e3o negativa for\u00e7ou a suspens\u00e3o do certame pelo governo e culminou na sa\u00edda de um dos diretores da \u00e1rea de g\u00e1s da companhia.<\/h3>\n<h3 style=\"text-align: justify;\">Pre\u00e7os do G\u00e1s de Cozinha (GLP)<\/h3>\n<h3 style=\"text-align: justify;\">O botij\u00e3o de 13kg segue em escalada cont\u00ednua. Enquanto os outros baixam, o GLP subiu de R$ 109,87 em fevereiro para R$ 114,61 agora em abril. S\u00e3o seis semanas seguidas de reajustes positivos, totalizando um avan\u00e7o de 4,3% no per\u00edodo de guerra.<\/h3>\n<ul>\n<li style=\"text-align: justify;\">\n<h3>In\u00edcio da crise: R$ 110,18 (Mar\u00e7o)<\/h3>\n<\/li>\n<li>\n<h3 style=\"text-align: justify;\">Atual: R$ 114,61 (Pen\u00faltima semana de abril)<\/h3>\n<\/li>\n<\/ul>\n","protected":false},"excerpt":{"rendered":"<p>Enquanto os motoristas sentem um leve al\u00edvio no bolso, as fam\u00edlias brasileiras enfrentam press\u00e3o no or\u00e7amento dom\u00e9stico. Dados da Ag\u00eancia Nacional do Petr\u00f3leo (ANP), coletados entre 19 e 25 de abril, mostram que gasolina e diesel registraram a terceira queda semanal consecutiva.<\/p>\n","protected":false},"author":3,"featured_media":1349,"comment_status":"closed","ping_status":"closed","sticky":false,"template":"","format":"standard","meta":{"_links_to":"","_links_to_target":""},"categories":[9],"tags":[],"_links":{"self":[{"href":"https:\/\/www.namira.blog.br\/v1\/wp-json\/wp\/v2\/posts\/1348"}],"collection":[{"href":"https:\/\/www.namira.blog.br\/v1\/wp-json\/wp\/v2\/posts"}],"about":[{"href":"https:\/\/www.namira.blog.br\/v1\/wp-json\/wp\/v2\/types\/post"}],"author":[{"embeddable":true,"href":"https:\/\/www.namira.blog.br\/v1\/wp-json\/wp\/v2\/users\/3"}],"replies":[{"embeddable":true,"href":"https:\/\/www.namira.blog.br\/v1\/wp-json\/wp\/v2\/comments?post=1348"}],"version-history":[{"count":1,"href":"https:\/\/www.namira.blog.br\/v1\/wp-json\/wp\/v2\/posts\/1348\/revisions"}],"predecessor-version":[{"id":1350,"href":"https:\/\/www.namira.blog.br\/v1\/wp-json\/wp\/v2\/posts\/1348\/revisions\/1350"}],"wp:featuredmedia":[{"embeddable":true,"href":"https:\/\/www.namira.blog.br\/v1\/wp-json\/wp\/v2\/media\/1349"}],"wp:attachment":[{"href":"https:\/\/www.namira.blog.br\/v1\/wp-json\/wp\/v2\/media?parent=1348"}],"wp:term":[{"taxonomy":"category","embeddable":true,"href":"https:\/\/www.namira.blog.br\/v1\/wp-json\/wp\/v2\/categories?post=1348"},{"taxonomy":"post_tag","embeddable":true,"href":"https:\/\/www.namira.blog.br\/v1\/wp-json\/wp\/v2\/tags?post=1348"}],"curies":[{"name":"wp","href":"https:\/\/api.w.org\/{rel}","templated":true}]}}