{"id":1353,"date":"2026-04-28T06:28:56","date_gmt":"2026-04-28T09:28:56","guid":{"rendered":"https:\/\/www.namira.blog.br\/v1\/?p=1353"},"modified":"2026-04-28T06:28:56","modified_gmt":"2026-04-28T09:28:56","slug":"criancas-e-adolescentes-representam-mais-de-60-dos-casos-de-leucemia-na-bahia","status":"publish","type":"post","link":"https:\/\/www.namira.blog.br\/v1\/2026\/04\/28\/criancas-e-adolescentes-representam-mais-de-60-dos-casos-de-leucemia-na-bahia\/","title":{"rendered":"Crian\u00e7as e adolescentes representam mais de 60% dos casos de leucemia na Bahia"},"content":{"rendered":"<h3><img loading=\"lazy\" class=\"alignnone size-medium wp-image-1354 aligncenter\" src=\"http:\/\/www.namira.blog.br\/v1\/wp-content\/uploads\/2026\/04\/foto-2-1-1200x900-sec-saude-ceara-300x225.jpg\" alt=\"\" width=\"300\" height=\"225\" srcset=\"https:\/\/www.namira.blog.br\/v1\/wp-content\/uploads\/2026\/04\/foto-2-1-1200x900-sec-saude-ceara-300x225.jpg 300w, https:\/\/www.namira.blog.br\/v1\/wp-content\/uploads\/2026\/04\/foto-2-1-1200x900-sec-saude-ceara-400x300.jpg 400w, https:\/\/www.namira.blog.br\/v1\/wp-content\/uploads\/2026\/04\/foto-2-1-1200x900-sec-saude-ceara.jpg 600w\" sizes=\"(max-width: 300px) 100vw, 300px\" \/><\/h3>\n<h3 id=\"paragrafo-ebktorvtza\" style=\"text-align: justify;\">A leucemia \u00e9 o tipo de c\u00e2ncer mais comum em crian\u00e7as e adolescentes. Na Bahia, a situa\u00e7\u00e3o n\u00e3o \u00e9 diferente: a popula\u00e7\u00e3o entre 0 e 19 anos representou 61,9% das interna\u00e7\u00f5es por leucemia no estado nos dois primeiros meses deste ano, aponta a Secretaria de Sa\u00fade do Estado da Bahia (Sesab).<\/h3>\n<p><!--more--><\/p>\n<p id=\"paragrafo-u31q9lrvtc\">A maioria dos pacientes est\u00e1 na faixa et\u00e1ria de 0 a nove anos, 90 s\u00f3 entre janeiro e fevereiro. Os dados de 2026 seguem uma tend\u00eancia hist\u00f3rica. No ano passado, 1.222 dos 2.329 pacientes internados por leucemia eram jovens de at\u00e9 19 anos, o equivalente a 52,4%. Desses, 759 tinham at\u00e9 nove anos de idade.<\/p>\n<h3 id=\"paragrafo-o2s741emia\" style=\"text-align: justify;\">N\u00e3o existe uma \u00fanica causa para a maior incid\u00eancia da leucemia em pessoas mais jovens, mas alguns fatores ajudam a explicar. O principal s\u00e3o as altera\u00e7\u00f5es gen\u00e9ticas espont\u00e2neas durante a forma\u00e7\u00e3o das c\u00e9lulas sangu\u00edneas nessa faixa et\u00e1ria. Outros fatores importantes s\u00e3o o sistema imunol\u00f3gico ainda em desenvolvimento e, em alguns casos, associa\u00e7\u00e3o com s\u00edndromes gen\u00e9ticas, como s\u00edndrome de Down, exposi\u00e7\u00e3o \u00e0 radia\u00e7\u00e3o ou subst\u00e2ncias qu\u00edmicas.<\/h3>\n<h3 id=\"paragrafo-etdtaykeug\" style=\"text-align: justify;\">\u00c9 o que diz o oncologista pedi\u00e1trico Henrique Silva Barreto. \u201c[Esse contato] pode acontecer de forma secund\u00e1ria ao pr\u00f3prio tratamento para o c\u00e2ncer, em decorr\u00eancia do uso de alguns quimioter\u00e1picos. Isto \u00e9, surge como efeito colateral tardio de tratamentos anteriores com drogas alquilantes ou radioterapia\u201d, diz o m\u00e9dico, que refor\u00e7a que, na maioria dos casos infantis, n\u00e3o h\u00e1 causa identific\u00e1vel ou evit\u00e1vel.<\/h3>\n<h3 id=\"paragrafo-ifmnvmh1o6\" style=\"text-align: justify;\">As leucemias podem ser classificadas em agudas e cr\u00f4nicas. Nas leucemias agudas, a muta\u00e7\u00e3o ocorre numa fase inicial do desenvolvimento da c\u00e9lula, de forma que existe uma prolifera\u00e7\u00e3o de uma c\u00e9lula imatura. As leucemias cr\u00f4nicas, por sua vez, consistem na prolifera\u00e7\u00e3o de uma c\u00e9lula mutada, j\u00e1 madura.<\/h3>\n<h3 id=\"paragrafo-ucyloersso\" style=\"text-align: justify;\">Al\u00e9m disso, h\u00e1 a subclassifica\u00e7\u00e3o com base na origem celular. \u201cAs leucemias mieloides, que v\u00eam da s\u00e9rie granuloc\u00edtica, e as leucemias linf\u00f3ides. Ent\u00e3o n\u00f3s temos a leucemia mieloide aguda, a leucemia mieloide cr\u00f4nica, a leucemia linf\u00f3ide aguda e a leucemia linf\u00f3ide cr\u00f4nica, de forma muito rudimentar. Hoje, a gente j\u00e1 reconhece v\u00e1rios subtipos, inclusive n\u00f3s fazemos muitas caracteriza\u00e7\u00f5es dessas doen\u00e7as baseadas em perfis moleculares\u201d, explica a m\u00e9dica hematologista Ana L\u00fazia Schriefer.<\/h3>\n<div>\n<p>A leucemia \u00e9 uma doen\u00e7a do sangue, na qual a medula \u00f3ssea produz c\u00e9lulas sangu\u00edneas anormais (Imagem: Suan Taang | Shutterstock) por Imagem: Suan Taang | Shutterstock<\/p>\n<\/div>\n<h3 id=\"paragrafo-dd0hipx6w5\" style=\"text-align: justify;\">Entre as interna\u00e7\u00f5es registradas pela Sesab este ano, a maioria aconteceu em decorr\u00eancia da Leucemia Linfobl\u00e1stica Aguda (LLA) \u2013 ou Leucemia Linfoide Aguda \u2013, respons\u00e1vel por 57 interna\u00e7\u00f5es de pessoas entre 0 e nove anos e 36 de pessoas entre 10 e 19 anos. \u00c9 esse o tipo mais comum nos casos pedi\u00e1tricos e tamb\u00e9m o que tem melhor progn\u00f3stico, com taxas de cura que chegam a 85%, afirma Schriefer. J\u00e1 as leucemias mieloides t\u00eam na inf\u00e2ncia a caracter\u00edstica de um progn\u00f3stico inferior.<\/h3>\n<h3 id=\"paragrafo-hx1hf8tzt9\" style=\"text-align: justify;\">Quando olhamos para os \u00f3bitos causados por leucemia, as crian\u00e7as e adolescentes n\u00e3o s\u00e3o os casos mais expressivos. Em 2026, das 117 mortes registradas at\u00e9 fevereiro, oito foram de pessoas entre 0 e 19 anos \u2013 o equivalente a 6,8%. Isso se deve, sobretudo, \u00e0 j\u00e1 mencionada alta taxa de cura da LLA.<\/h3>\n<h3 id=\"paragrafo-aeuuc7tege\" style=\"text-align: justify;\">Na terceira idade, o risco de desenvolver leucemias tamb\u00e9m aumenta, mas as mais comuns s\u00e3o as mieloides. \u201cEnvelhecer tamb\u00e9m significa estar mais suscet\u00edvel a v\u00e1rias exposi\u00e7\u00f5es e suscet\u00edvel \u00e0s muitas muta\u00e7\u00f5es celulares ao longo da vida\u201d, pontua Ana L\u00fazia Schriefer.<\/h3>\n<h3 id=\"intertitulo-rqqw6oqley\" style=\"text-align: justify;\">Sintomas e tratamentos<\/h3>\n<h3 id=\"paragrafo-ycrrxjx6sx\" style=\"text-align: justify;\">Os sinais de leucemia podem ser sutis no in\u00edcio. Cansa\u00e7o extremo, palidez, febre frequente e manchas roxas pelo corpo s\u00e3o alguns indicativos que, se persistirem, devem levar ao agendamento de uma consulta m\u00e9dica.<\/h3>\n<h3 id=\"paragrafo-yrqi6c9pef\" style=\"text-align: justify;\">Os sintomas s\u00e3o, no geral, relacionados \u00e0 insufici\u00eancia da medula \u00f3ssea. Isso porque, quando existe uma muta\u00e7\u00e3o e uma c\u00e9lula sem fun\u00e7\u00e3o de defesa se prolifera, a forma\u00e7\u00e3o das outras linhagens celulares tamb\u00e9m \u00e9 prejudicada. \u201cEnt\u00e3o, voc\u00ea pode apresentar infec\u00e7\u00f5es recorrentes, infec\u00e7\u00f5es oportunistas, sangramentos pela baixa das plaquetas e sintomas an\u00eamicos. Anemia n\u00e3o d\u00e1 leucemia, mas a leucemia pode vir com anemia e com sintomas relacionados\u201d, explica Schriefer.<\/h3>\n<h3 id=\"paragrafo-tn7wjura21\" style=\"text-align: justify;\">O tratamento, por sua vez, consiste em quimioterapia, tanto para crian\u00e7as como para adultos. Hoje, j\u00e1 \u00e9 reconhecida tamb\u00e9m a import\u00e2ncia do uso de algumas terapias-alvo ou de anticorpos biespec\u00edficos no tratamento dessas patologias, a depender do tipo celular e das caracter\u00edsticas moleculares. Em casos mais graves, recorre-se ao transplante de medula \u00f3ssea.<\/h3>\n<h3 id=\"paragrafo-1za9k2jzke\" style=\"text-align: justify;\">\u201cAs chances de cura de uma leucemia aguda v\u00e3o variar muito de acordo com o perfil progn\u00f3stico. Hoje, tanto nas leucemias linf\u00f3ides quanto nas leucemias miel\u00f3ides, a avalia\u00e7\u00e3o inicial \u00e9 de acordo com o perfil molecular da doen\u00e7a, algumas muta\u00e7\u00f5es que j\u00e1 conferem caracter\u00edsticas de bom ou mau progn\u00f3stico. As leucemias que t\u00eam um progn\u00f3stico intermedi\u00e1rio ou alto risco s\u00e3o aquelas que geralmente voc\u00ea tem que consolidar a resposta da quimioterapia com o transplante de medula \u00f3ssea atrav\u00e9s de um doador, se poss\u00edvel 100% compat\u00edvel\u201d, conclui a hematologista.<\/h3>\n<h3 id=\"intertitulo-mb3pj6zt85\" style=\"text-align: justify;\">Onde encontrar tratamento oncol\u00f3gico na Bahia?<\/h3>\n<h3 id=\"paragrafo-ud7bnc37e2\" style=\"text-align: justify;\"><b>Feira de Santana<\/b><\/h3>\n<h3 id=\"paragrafo-qhc8fp5rsf\" style=\"text-align: justify;\">Hospital Dom Pedro de Alc\u00e2ntara\/Santa Casa de Miseric\u00f3rdia de Feira de Santana (Unacon com servi\u00e7os de Radioterapia e Hematologia)<\/h3>\n<h3 id=\"paragrafo-22dmiakumx\" style=\"text-align: justify;\">Hospital Estadual da Crian\u00e7a (Unacon exclusiva de Oncologia Pedi\u00e1trica)<\/h3>\n<h3 id=\"paragrafo-s71wpxgtix\" style=\"text-align: justify;\"><b>Ilh\u00e9us<\/b><\/h3>\n<h3 id=\"paragrafo-ml33doc2ld\" style=\"text-align: justify;\">Hospital S\u00e3o Jos\u00e9 Maternidade Santa Helena\/Santa Casa de Miseric\u00f3rdia (Unacon)<\/h3>\n<h3 id=\"paragrafo-ho50rils39\" style=\"text-align: justify;\"><b>Itabuna<\/b><\/h3>\n<h3 id=\"paragrafo-r816e9dzqh\" style=\"text-align: justify;\">Hospital Calixto Midlej Filho (Unacon com servi\u00e7o de Radioterapia)<\/h3>\n<h3 id=\"paragrafo-4c9t25u8yz\" style=\"text-align: justify;\"><b>Juazeiro<\/b><\/h3>\n<h3 id=\"paragrafo-tqofs6zqe5\" style=\"text-align: justify;\">Hospital Regional de Juazeiro (Unacon)<\/h3>\n<h3 id=\"paragrafo-k3ocki3y5q\" style=\"text-align: justify;\"><b>Salvador<\/b><\/h3>\n<h3 id=\"paragrafo-ufggg7a9t5\" style=\"text-align: justify;\">Centro Estadual de Oncologia\/Cican (Unacon)<\/h3>\n<h3 id=\"paragrafo-blqrf3ct0m\" style=\"text-align: justify;\">Hospital Aristides Maltez\/Liga Baiana Contra o C\u00e2ncer (Cacon com servi\u00e7o de Oncologia Pedi\u00e1trica)<\/h3>\n<h3 id=\"paragrafo-za8lkdqay8\" style=\"text-align: justify;\">Hospital Martag\u00e3o Gesteira\/Liga \u00c1lvaro Bahia Contra a Mortalidade Infantil (Unacon exclusivo de Oncologia Pedi\u00e1trica)<\/h3>\n<h3 id=\"paragrafo-mi44vjgcsy\" style=\"text-align: justify;\">Hospital Professor Edgard Santos\/Hospital Universit\u00e1rio MEC &#8211; Universidade Federal da Bahia\/Fapex (Unacon com servi\u00e7o de Hematologia)<\/h3>\n<h3 id=\"paragrafo-0ah7tyye5r\" style=\"text-align: justify;\">Hospital S\u00e3o Rafael\/Funda\u00e7\u00e3o Monte Tabor (Unacon com servi\u00e7o de Radioterapia)<\/h3>\n<h3 id=\"paragrafo-0ldmwpd3ap\" style=\"text-align: justify;\">Hospital Santa Isabel\/Santa Casa de Miseric\u00f3rdia da Bahia (Unacon com servi\u00e7os de Radioterapia e Hematologia)<\/h3>\n<h3 id=\"paragrafo-y5iy5f04le\" style=\"text-align: justify;\">Hospital Santo Ant\u00f4nio\/Obras Sociais Irm\u00e3 Dulce (Unacon com servi\u00e7o de Radioterapia)<\/h3>\n<h3 id=\"paragrafo-e647odvu17\" style=\"text-align: justify;\">Hospital Geral Roberto Santos\/Cican \u2013 Unacon<\/h3>\n<h3 id=\"paragrafo-ksgd3pmls4\" style=\"text-align: justify;\">Hospital Portugu\u00eas \u2013 Servi\u00e7o Isolado\/Radioterapia<\/h3>\n<h3 id=\"paragrafo-xv8v1jj6nt\" style=\"text-align: justify;\"><b>Santo Ant\u00f4nio de Jesus<\/b><\/h3>\n<h3 id=\"paragrafo-8rvx0jqamv\" style=\"text-align: justify;\">Hospital Maternidade Luiz Argolo &#8211; Irmandade da Santa de Miseric\u00f3rdia de Santo Ant\u00f4nio de Jesus (Unacon)<\/h3>\n<h3 id=\"paragrafo-hdloa5urk1\" style=\"text-align: justify;\"><b>Teixeira de Freitas<\/b><\/h3>\n<h3 id=\"paragrafo-hxp8dv3sni\" style=\"text-align: justify;\">Hospital Municipal de Teixeira de Freitas\/Prefeitura Municipal de Teixeira de Freitas (Unacon)<\/h3>\n<h3 id=\"paragrafo-fhdk1pwoeh\" style=\"text-align: justify;\"><b>Vit\u00f3ria da Conquista<\/b><\/h3>\n<h3 id=\"paragrafo-4dd0xprpgr\" style=\"text-align: justify;\">Hospital Portugu\u00eas\/Real Sociedade Portuguesa de Benefici\u00eancia (Servi\u00e7o de Radioterapia)<\/h3>\n<h3 id=\"paragrafo-2owe2affpi\" style=\"text-align: justify;\">Hospital Geral de Vit\u00f3ria da Conquista (Unacon)<\/h3>\n<h3 id=\"paragrafo-7iboxqg8on\" style=\"text-align: justify;\">Servi\u00e7o de Assist\u00eancia M\u00e9dica de Urg\u00eancia &#8211; Hospital Samur (Unacon com servi\u00e7o de Radioterapia)<\/h3>\n","protected":false},"excerpt":{"rendered":"<p>A leucemia \u00e9 o tipo de c\u00e2ncer mais comum em crian\u00e7as e adolescentes. Na Bahia, a situa\u00e7\u00e3o n\u00e3o \u00e9 diferente: a popula\u00e7\u00e3o entre 0 e 19 anos representou 61,9% das interna\u00e7\u00f5es por leucemia no estado nos dois primeiros meses deste ano, aponta a Secretaria de Sa\u00fade do Estado da Bahia (Sesab).<\/p>\n","protected":false},"author":3,"featured_media":1354,"comment_status":"closed","ping_status":"closed","sticky":false,"template":"","format":"standard","meta":{"_links_to":"","_links_to_target":""},"categories":[9],"tags":[],"_links":{"self":[{"href":"https:\/\/www.namira.blog.br\/v1\/wp-json\/wp\/v2\/posts\/1353"}],"collection":[{"href":"https:\/\/www.namira.blog.br\/v1\/wp-json\/wp\/v2\/posts"}],"about":[{"href":"https:\/\/www.namira.blog.br\/v1\/wp-json\/wp\/v2\/types\/post"}],"author":[{"embeddable":true,"href":"https:\/\/www.namira.blog.br\/v1\/wp-json\/wp\/v2\/users\/3"}],"replies":[{"embeddable":true,"href":"https:\/\/www.namira.blog.br\/v1\/wp-json\/wp\/v2\/comments?post=1353"}],"version-history":[{"count":1,"href":"https:\/\/www.namira.blog.br\/v1\/wp-json\/wp\/v2\/posts\/1353\/revisions"}],"predecessor-version":[{"id":1355,"href":"https:\/\/www.namira.blog.br\/v1\/wp-json\/wp\/v2\/posts\/1353\/revisions\/1355"}],"wp:featuredmedia":[{"embeddable":true,"href":"https:\/\/www.namira.blog.br\/v1\/wp-json\/wp\/v2\/media\/1354"}],"wp:attachment":[{"href":"https:\/\/www.namira.blog.br\/v1\/wp-json\/wp\/v2\/media?parent=1353"}],"wp:term":[{"taxonomy":"category","embeddable":true,"href":"https:\/\/www.namira.blog.br\/v1\/wp-json\/wp\/v2\/categories?post=1353"},{"taxonomy":"post_tag","embeddable":true,"href":"https:\/\/www.namira.blog.br\/v1\/wp-json\/wp\/v2\/tags?post=1353"}],"curies":[{"name":"wp","href":"https:\/\/api.w.org\/{rel}","templated":true}]}}