{"id":1356,"date":"2026-04-28T06:34:21","date_gmt":"2026-04-28T09:34:21","guid":{"rendered":"https:\/\/www.namira.blog.br\/v1\/?p=1356"},"modified":"2026-04-28T06:34:21","modified_gmt":"2026-04-28T09:34:21","slug":"agente-penitenciario-e-preso-suspeito-de-estuprar-detentas-no-interior-da-bahia","status":"publish","type":"post","link":"https:\/\/www.namira.blog.br\/v1\/2026\/04\/28\/agente-penitenciario-e-preso-suspeito-de-estuprar-detentas-no-interior-da-bahia\/","title":{"rendered":"Agente penitenci\u00e1rio \u00e9 preso suspeito de estuprar detentas no interior da Bahia"},"content":{"rendered":"<h3><img loading=\"lazy\" class=\"alignnone size-medium wp-image-1357 aligncenter\" src=\"http:\/\/www.namira.blog.br\/v1\/wp-content\/uploads\/2026\/04\/lei-proibe-que-condenados-por-crimes-sejam-homenageados-pela-prefeitura-de-bh-300x169.jpg\" alt=\"\" width=\"300\" height=\"169\" srcset=\"https:\/\/www.namira.blog.br\/v1\/wp-content\/uploads\/2026\/04\/lei-proibe-que-condenados-por-crimes-sejam-homenageados-pela-prefeitura-de-bh-300x169.jpg 300w, https:\/\/www.namira.blog.br\/v1\/wp-content\/uploads\/2026\/04\/lei-proibe-que-condenados-por-crimes-sejam-homenageados-pela-prefeitura-de-bh.jpg 600w\" sizes=\"(max-width: 300px) 100vw, 300px\" \/><\/h3>\n<h3 id=\"paragrafo-wlgi2kgt2s\" style=\"text-align: justify;\">Um agente na unidade de cust\u00f3dia de Bom Jesus da Lapa, no Oeste baiano, foi preso no \u00faltimo domingo (26) sob a acusa\u00e7\u00e3o de estupro e corrup\u00e7\u00e3o passiva. O investigado \u00e9 suspeito de abusar sexualmente de pelo menos duas detentas que estavam sob a guarda do munic\u00edpio.<\/h3>\n<p><!--more--><\/p>\n<h3 id=\"paragrafo-4kq29cbaiu\" style=\"text-align: justify;\">As investiga\u00e7\u00f5es, conduzidas pela Pol\u00edcia Civil, apontam que os crimes ocorreram de forma cont\u00ednua ao longo dos \u00faltimos tr\u00eas meses. O suspeito teria utilizado sua posi\u00e7\u00e3o de autoridade para constranger as mulheres a manter rela\u00e7\u00f5es sexuais em troca de benef\u00edcios ou sob coa\u00e7\u00e3o dentro da unidade.<\/h3>\n<p id=\"paragrafo-2ymtlk7qgk\">O caso veio \u00e0 tona ap\u00f3s uma das v\u00edtimas apresentar mal-estar f\u00edsico e relatar o ocorrido \u00e0s autoridades. A partir da den\u00fancia, foram realizados exames com as v\u00edtimas que confirmaram os ind\u00edcios do crime.<\/p>\n<h3 id=\"paragrafo-czla9fsscm\" style=\"text-align: justify;\">Durante o cumprimento dos mandados de pris\u00e3o tempor\u00e1ria e de busca e apreens\u00e3o, os policiais apreenderam aparelhos celulares que passar\u00e3o por per\u00edcia e dois fac\u00f5es encontrados com o investigado.<\/h3>\n<h3 id=\"paragrafo-mwv5czkjve\" style=\"text-align: justify;\">O homem foi encaminhado \u00e0 delegacia, onde permanece \u00e0 disposi\u00e7\u00e3o da Justi\u00e7a. A Pol\u00edcia Civil informou que as investiga\u00e7\u00f5es continuam em andamento para apurar o envolvimento do suspeito em outros delitos e identificar se houve outras v\u00edtimas na unidade de cust\u00f3dia.<\/h3>\n","protected":false},"excerpt":{"rendered":"<p>Um agente na unidade de cust\u00f3dia de Bom Jesus da Lapa, no Oeste baiano, foi preso no \u00faltimo domingo (26) sob a acusa\u00e7\u00e3o de estupro e corrup\u00e7\u00e3o passiva. O investigado \u00e9 suspeito de abusar sexualmente de pelo menos duas detentas que estavam sob a guarda do munic\u00edpio.<\/p>\n","protected":false},"author":3,"featured_media":1357,"comment_status":"closed","ping_status":"closed","sticky":false,"template":"","format":"standard","meta":{"_links_to":"","_links_to_target":""},"categories":[11,8],"tags":[],"_links":{"self":[{"href":"https:\/\/www.namira.blog.br\/v1\/wp-json\/wp\/v2\/posts\/1356"}],"collection":[{"href":"https:\/\/www.namira.blog.br\/v1\/wp-json\/wp\/v2\/posts"}],"about":[{"href":"https:\/\/www.namira.blog.br\/v1\/wp-json\/wp\/v2\/types\/post"}],"author":[{"embeddable":true,"href":"https:\/\/www.namira.blog.br\/v1\/wp-json\/wp\/v2\/users\/3"}],"replies":[{"embeddable":true,"href":"https:\/\/www.namira.blog.br\/v1\/wp-json\/wp\/v2\/comments?post=1356"}],"version-history":[{"count":1,"href":"https:\/\/www.namira.blog.br\/v1\/wp-json\/wp\/v2\/posts\/1356\/revisions"}],"predecessor-version":[{"id":1358,"href":"https:\/\/www.namira.blog.br\/v1\/wp-json\/wp\/v2\/posts\/1356\/revisions\/1358"}],"wp:featuredmedia":[{"embeddable":true,"href":"https:\/\/www.namira.blog.br\/v1\/wp-json\/wp\/v2\/media\/1357"}],"wp:attachment":[{"href":"https:\/\/www.namira.blog.br\/v1\/wp-json\/wp\/v2\/media?parent=1356"}],"wp:term":[{"taxonomy":"category","embeddable":true,"href":"https:\/\/www.namira.blog.br\/v1\/wp-json\/wp\/v2\/categories?post=1356"},{"taxonomy":"post_tag","embeddable":true,"href":"https:\/\/www.namira.blog.br\/v1\/wp-json\/wp\/v2\/tags?post=1356"}],"curies":[{"name":"wp","href":"https:\/\/api.w.org\/{rel}","templated":true}]}}