{"id":1359,"date":"2026-04-28T06:36:34","date_gmt":"2026-04-28T09:36:34","guid":{"rendered":"https:\/\/www.namira.blog.br\/v1\/?p=1359"},"modified":"2026-04-28T06:36:34","modified_gmt":"2026-04-28T09:36:34","slug":"conta-de-luz-tera-novo-numero-de-identificacao-na-bahia-a-partir-de-julho","status":"publish","type":"post","link":"https:\/\/www.namira.blog.br\/v1\/2026\/04\/28\/conta-de-luz-tera-novo-numero-de-identificacao-na-bahia-a-partir-de-julho\/","title":{"rendered":"Conta de luz ter\u00e1 novo n\u00famero de identifica\u00e7\u00e3o na Bahia a partir de julho"},"content":{"rendered":"<h3><img loading=\"lazy\" class=\"alignnone size-medium wp-image-1360 aligncenter\" src=\"http:\/\/www.namira.blog.br\/v1\/wp-content\/uploads\/2026\/04\/MUNDOBA-89-300x210.jpg\" alt=\"\" width=\"300\" height=\"210\" srcset=\"https:\/\/www.namira.blog.br\/v1\/wp-content\/uploads\/2026\/04\/MUNDOBA-89-300x210.jpg 300w, https:\/\/www.namira.blog.br\/v1\/wp-content\/uploads\/2026\/04\/MUNDOBA-89.jpg 600w\" sizes=\"(max-width: 300px) 100vw, 300px\" \/><\/h3>\n<h3 id=\"paragrafo-juw5uovr5c\" style=\"text-align: justify;\">A partir de julho de 2026, os consumidores da Neoenergia Coelba notar\u00e3o uma mudan\u00e7a estrutural em suas faturas de energia. O antigo &#8220;C\u00f3digo do Cliente&#8221; ser\u00e1 substitu\u00eddo pelo &#8220;N\u00famero da Unidade Consumidora&#8221;, seguindo uma padroniza\u00e7\u00e3o nacional estabelecida pela Ag\u00eancia Nacional de Energia El\u00e9trica (Aneel). A altera\u00e7\u00e3o tamb\u00e9m marca o fim do &#8220;c\u00f3digo de instala\u00e7\u00e3o&#8221; nas contas de luz.<\/h3>\n<p><!--more--><\/p>\n<h3 id=\"paragrafo-u9g3xxiz4k\" style=\"text-align: justify;\">A atualiza\u00e7\u00e3o segue a Resolu\u00e7\u00e3o Normativa n\u00ba 1.095\/2024 e ser\u00e1 realizada de forma autom\u00e1tica, sem que o consumidor precise realizar qualquer tipo de cadastro ou solicita\u00e7\u00e3o. O novo identificador passar\u00e1 a ter 15 d\u00edgitos e estar\u00e1 localizado no canto superior direito da conta.<\/h3>\n<p id=\"paragrafo-r5y6a2fuke\">Diferente do modelo anterior, o novo n\u00famero ser\u00e1 vinculado permanentemente ao im\u00f3vel e n\u00e3o ao titular do contrato. Segundo a distribuidora, essa mudan\u00e7a aumenta a confiabilidade do sistema e facilita processos como: Tarifa social, atendimento e rastreabilidade<\/p>\n<h3 id=\"paragrafo-e6jbviwkvl\" style=\"text-align: justify;\">Para evitar transtornos, a Neoenergia Coelba estabeleceu um per\u00edodo de transi\u00e7\u00e3o de 12 meses. Durante esse um ano, os clientes poder\u00e3o utilizar tanto o antigo C\u00f3digo do Cliente quanto o novo n\u00famero de 15 d\u00edgitos para acessar servi\u00e7os nos canais de atendimento, site ou aplicativo.<\/h3>\n<h3 id=\"paragrafo-82hissc4vy\" style=\"text-align: justify;\">A mudan\u00e7a ser\u00e1 aplicada a todas as unidades, inclusive aquelas que estejam com o fornecimento de energia suspenso ou desligado no momento. A concession\u00e1ria refor\u00e7a que a medida visa unificar o formato em todo o setor el\u00e9trico brasileiro, garantindo maior efici\u00eancia operacional e seguran\u00e7a aos usu\u00e1rios.<\/h3>\n","protected":false},"excerpt":{"rendered":"<p>A partir de julho de 2026, os consumidores da Neoenergia Coelba notar\u00e3o uma mudan\u00e7a estrutural em suas faturas de energia. O antigo &#8220;C\u00f3digo do Cliente&#8221; ser\u00e1 substitu\u00eddo pelo &#8220;N\u00famero da Unidade Consumidora&#8221;, seguindo uma padroniza\u00e7\u00e3o nacional estabelecida pela Ag\u00eancia Nacional de Energia El\u00e9trica (Aneel). A altera\u00e7\u00e3o tamb\u00e9m marca o fim do &#8220;c\u00f3digo de instala\u00e7\u00e3o&#8221; nas [&hellip;]<\/p>\n","protected":false},"author":3,"featured_media":1360,"comment_status":"closed","ping_status":"closed","sticky":false,"template":"","format":"standard","meta":{"_links_to":"","_links_to_target":""},"categories":[11],"tags":[],"_links":{"self":[{"href":"https:\/\/www.namira.blog.br\/v1\/wp-json\/wp\/v2\/posts\/1359"}],"collection":[{"href":"https:\/\/www.namira.blog.br\/v1\/wp-json\/wp\/v2\/posts"}],"about":[{"href":"https:\/\/www.namira.blog.br\/v1\/wp-json\/wp\/v2\/types\/post"}],"author":[{"embeddable":true,"href":"https:\/\/www.namira.blog.br\/v1\/wp-json\/wp\/v2\/users\/3"}],"replies":[{"embeddable":true,"href":"https:\/\/www.namira.blog.br\/v1\/wp-json\/wp\/v2\/comments?post=1359"}],"version-history":[{"count":1,"href":"https:\/\/www.namira.blog.br\/v1\/wp-json\/wp\/v2\/posts\/1359\/revisions"}],"predecessor-version":[{"id":1361,"href":"https:\/\/www.namira.blog.br\/v1\/wp-json\/wp\/v2\/posts\/1359\/revisions\/1361"}],"wp:featuredmedia":[{"embeddable":true,"href":"https:\/\/www.namira.blog.br\/v1\/wp-json\/wp\/v2\/media\/1360"}],"wp:attachment":[{"href":"https:\/\/www.namira.blog.br\/v1\/wp-json\/wp\/v2\/media?parent=1359"}],"wp:term":[{"taxonomy":"category","embeddable":true,"href":"https:\/\/www.namira.blog.br\/v1\/wp-json\/wp\/v2\/categories?post=1359"},{"taxonomy":"post_tag","embeddable":true,"href":"https:\/\/www.namira.blog.br\/v1\/wp-json\/wp\/v2\/tags?post=1359"}],"curies":[{"name":"wp","href":"https:\/\/api.w.org\/{rel}","templated":true}]}}