{"id":1365,"date":"2026-04-28T06:56:51","date_gmt":"2026-04-28T09:56:51","guid":{"rendered":"https:\/\/www.namira.blog.br\/v1\/?p=1365"},"modified":"2026-04-28T06:56:51","modified_gmt":"2026-04-28T09:56:51","slug":"coronel-declara-voto-em-flavio-e-crava-a-onda-13-naufragou","status":"publish","type":"post","link":"https:\/\/www.namira.blog.br\/v1\/2026\/04\/28\/coronel-declara-voto-em-flavio-e-crava-a-onda-13-naufragou\/","title":{"rendered":"Coronel declara voto em Fl\u00e1vio e crava: &#8216;A onda 13 naufragou\u2019"},"content":{"rendered":"<h3><img loading=\"lazy\" class=\"alignnone size-medium wp-image-1366 aligncenter\" src=\"http:\/\/www.namira.blog.br\/v1\/wp-content\/uploads\/2026\/04\/angelo-300x197.jpg\" alt=\"\" width=\"300\" height=\"197\" srcset=\"https:\/\/www.namira.blog.br\/v1\/wp-content\/uploads\/2026\/04\/angelo-300x197.jpg 300w, https:\/\/www.namira.blog.br\/v1\/wp-content\/uploads\/2026\/04\/angelo.jpg 600w\" sizes=\"(max-width: 300px) 100vw, 300px\" \/><\/h3>\n<h3 style=\"text-align: justify;\">Ontem (27), em entrevista \u00e0 r\u00e1dio Baiana FM, o senador Angelo Coronel (Republicanos) declarou apoio ao senador Fl\u00e1vio Bolsonaro (PL-RJ) na disputa pela Presid\u00eancia da Rep\u00fablica nas elei\u00e7\u00f5es de outubro.<\/h3>\n<p><!--more--><\/p>\n<h3 style=\"text-align: justify;\">\u201cEu vou votar no Fl\u00e1vio, vou fazer campanha, vou at\u00e9 o fim. Nessas andan\u00e7as minhas j\u00e1 tenho pedido e vou continuar pedindo. Eu acredito na mudan\u00e7a e na renova\u00e7\u00e3o da pol\u00edtica. Tem que dar oportunidade aos outros\u201d, afirmou.<\/h3>\n<h3 style=\"text-align: justify;\">Na mesma entrevista, o senador baiano relembrou seu posicionamento nas elei\u00e7\u00f5es presidenciais de 2022. \u201cDizer que eu n\u00e3o torcia para a elei\u00e7\u00e3o de Bolsonaro eu estaria mentindo, mas eu votei na \u00e9poca em Lula\u201d, disse.<\/h3>\n<h3 style=\"text-align: justify;\">Coronel tamb\u00e9m avaliou o cen\u00e1rio pol\u00edtico na Bahia e afirmou que o Partido dos Trabalhadores (PT) perdeu for\u00e7a no estado. Segundo ele, o momento atual \u00e9 diferente de ciclos anteriores de hegemonia eleitoral. \u201cPelo amor de Deus, petistas, n\u00e3o me venham dizer que a onda 13 est\u00e1 ativa. Voc\u00eas n\u00e3o s\u00e3o cegos e nem burros, voc\u00eas est\u00e3o vendo. A onda 13 zerou. Para mim a onda 13 j\u00e1 naufragou\u201d, declarou.<\/h3>\n<h3 style=\"text-align: justify;\">O senador projetou ainda a possibilidade de altern\u00e2ncia pol\u00edtica no estado nos pr\u00f3ximos anos, ao citar ciclos hist\u00f3ricos de mudan\u00e7as. \u201cEu n\u00e3o sei te dizer se na elei\u00e7\u00e3o daqui a cinco meses esse fen\u00f4meno vai se repetir. Em 86, Waldir venceu, 20 anos depois Wagner ganhou. De 20 em 20 anos o fen\u00f4meno se repete. A cada 20 anos vem uma mudan\u00e7a grande\u201d, afirmou.<\/h3>\n<h3 style=\"text-align: justify;\">Durante a entrevista, Coronel tamb\u00e9m criticou a atua\u00e7\u00e3o do Poder Judici\u00e1rio no pa\u00eds, ao defender que h\u00e1 um desequil\u00edbrio entre os poderes. \u201cEu acredito ainda que a gente viva em uma democracia, apesar de que estamos vivendo em uma ditadura do Judici\u00e1rio. Eu acho que o Judici\u00e1rio est\u00e1 extrapolando nas suas a\u00e7\u00f5es e isso est\u00e1 deixando o Executivo e o parlamento a reboque do Poder Judici\u00e1rio\u201d, argumentou.<\/h3>\n<h3 style=\"text-align: justify;\">Ao comentar o desempenho do ministro Alexandre de Moraes, do Supremo Tribunal Federal (STF), o senador reconheceu a atua\u00e7\u00e3o do magistrado, mas apontou excessos. \u201cEle teve um papel muito importante em um per\u00edodo. Eu sou at\u00e9 suspeito, porque eu me dou muito bem com ele, de frequentar, inclusive, a minha resid\u00eancia em Bras\u00edlia. Conhe\u00e7o muito ele. Agora pecou, cometeu muitos excessos, e que esses excessos n\u00e3o podem ser permitidos no dia de hoje\u201d.<\/h3>\n<h3 style=\"text-align: justify;\">Coronel tamb\u00e9m abordou a discuss\u00e3o sobre a jornada de trabalho e apresentou uma posi\u00e7\u00e3o diferente da que havia manifestado anteriormente. Ap\u00f3s ter defendido a manuten\u00e7\u00e3o da escala 6&#215;1 em declara\u00e7\u00f5es recentes, o senador afirmou n\u00e3o ser contr\u00e1rio a mudan\u00e7as, mas condicionou qualquer altera\u00e7\u00e3o a medidas de compensa\u00e7\u00e3o para o setor empresarial.<\/h3>\n<h3 style=\"text-align: justify;\">\u201cEu n\u00e3o sou contra a escala 5&#215;2, mas quero saber a compensa\u00e7\u00e3o que o empres\u00e1rio vai ter com essa mudan\u00e7a. O governo tem que desonerar a folha em rela\u00e7\u00e3o ao per\u00edodo de folga do trabalhador. O governo tem que dar sua dose de sacrif\u00edcio, n\u00e3o \u00e9 s\u00f3 o empregador\u201d, afirmou.<\/h3>\n<h3 style=\"text-align: justify;\">Ele tamb\u00e9m destacou a import\u00e2ncia do papel dos empregadores na economia. \u201cN\u00e3o d\u00e1 para s\u00f3 o empres\u00e1rio pagar a conta. Eu defenderei o empregador em qualquer circunst\u00e2ncia. S\u00f3 tem empregado, porque tem o empregador\u201d, completou.<\/h3>\n","protected":false},"excerpt":{"rendered":"<p>Ontem (27), em entrevista \u00e0 r\u00e1dio Baiana FM, o senador Angelo Coronel (Republicanos) declarou apoio ao senador Fl\u00e1vio Bolsonaro (PL-RJ) na disputa pela Presid\u00eancia da Rep\u00fablica nas elei\u00e7\u00f5es de outubro.<\/p>\n","protected":false},"author":3,"featured_media":1367,"comment_status":"closed","ping_status":"closed","sticky":false,"template":"","format":"standard","meta":{"_links_to":"","_links_to_target":""},"categories":[11,10],"tags":[],"_links":{"self":[{"href":"https:\/\/www.namira.blog.br\/v1\/wp-json\/wp\/v2\/posts\/1365"}],"collection":[{"href":"https:\/\/www.namira.blog.br\/v1\/wp-json\/wp\/v2\/posts"}],"about":[{"href":"https:\/\/www.namira.blog.br\/v1\/wp-json\/wp\/v2\/types\/post"}],"author":[{"embeddable":true,"href":"https:\/\/www.namira.blog.br\/v1\/wp-json\/wp\/v2\/users\/3"}],"replies":[{"embeddable":true,"href":"https:\/\/www.namira.blog.br\/v1\/wp-json\/wp\/v2\/comments?post=1365"}],"version-history":[{"count":1,"href":"https:\/\/www.namira.blog.br\/v1\/wp-json\/wp\/v2\/posts\/1365\/revisions"}],"predecessor-version":[{"id":1368,"href":"https:\/\/www.namira.blog.br\/v1\/wp-json\/wp\/v2\/posts\/1365\/revisions\/1368"}],"wp:featuredmedia":[{"embeddable":true,"href":"https:\/\/www.namira.blog.br\/v1\/wp-json\/wp\/v2\/media\/1367"}],"wp:attachment":[{"href":"https:\/\/www.namira.blog.br\/v1\/wp-json\/wp\/v2\/media?parent=1365"}],"wp:term":[{"taxonomy":"category","embeddable":true,"href":"https:\/\/www.namira.blog.br\/v1\/wp-json\/wp\/v2\/categories?post=1365"},{"taxonomy":"post_tag","embeddable":true,"href":"https:\/\/www.namira.blog.br\/v1\/wp-json\/wp\/v2\/tags?post=1365"}],"curies":[{"name":"wp","href":"https:\/\/api.w.org\/{rel}","templated":true}]}}