{"id":1374,"date":"2026-04-28T07:05:36","date_gmt":"2026-04-28T10:05:36","guid":{"rendered":"https:\/\/www.namira.blog.br\/v1\/?p=1374"},"modified":"2026-04-28T07:05:36","modified_gmt":"2026-04-28T10:05:36","slug":"adab-apreende-cerca-de-900-kg-de-carne-clandestina-em-sao-joao-do-panelinha-distrito-de-camacan","status":"publish","type":"post","link":"https:\/\/www.namira.blog.br\/v1\/2026\/04\/28\/adab-apreende-cerca-de-900-kg-de-carne-clandestina-em-sao-joao-do-panelinha-distrito-de-camacan\/","title":{"rendered":"Adab apreende cerca de 900 kg de carne clandestina em S\u00e3o Jo\u00e3o do Panelinha, distrito de Camacan"},"content":{"rendered":"<h3><img loading=\"lazy\" class=\"alignnone size-medium wp-image-1375 aligncenter\" src=\"http:\/\/www.namira.blog.br\/v1\/wp-content\/uploads\/2026\/04\/WhatsApp-Image-2026-04-27-at-11.37.34-1-300x226.jpeg\" alt=\"\" width=\"300\" height=\"226\" srcset=\"https:\/\/www.namira.blog.br\/v1\/wp-content\/uploads\/2026\/04\/WhatsApp-Image-2026-04-27-at-11.37.34-1-300x226.jpeg 300w, https:\/\/www.namira.blog.br\/v1\/wp-content\/uploads\/2026\/04\/WhatsApp-Image-2026-04-27-at-11.37.34-1-400x300.jpeg 400w, https:\/\/www.namira.blog.br\/v1\/wp-content\/uploads\/2026\/04\/WhatsApp-Image-2026-04-27-at-11.37.34-1.jpeg 600w\" sizes=\"(max-width: 300px) 100vw, 300px\" \/><\/h3>\n<h3 style=\"text-align: justify;\">No \u00faltimo domingo (26), a Ag\u00eancia de Defesa Agropecu\u00e1ria da Bahia (ADAB), realizou uma a\u00e7\u00e3o de fiscaliza\u00e7\u00e3o no distrito de S\u00e3o Jo\u00e3o do Panelinha, munic\u00edpio de Camacan, que resultou na apreens\u00e3o de aproximadamente 900 quilos de carne sem comprova\u00e7\u00e3o de proced\u00eancia e sem documenta\u00e7\u00e3o sanit\u00e1ria.<\/h3>\n<p><!--more--><\/p>\n<h3 style=\"text-align: justify;\">Durante a opera\u00e7\u00e3o, foi interceptado o transporte irregular da carga, que seria destinada ao abastecimento de estabelecimentos comerciais em Camacan. Diante das irregularidades constatadas, todo o material foi apreendido e encaminhado para destrui\u00e7\u00e3o em um abatedouro com inspe\u00e7\u00e3o estadual (SIE), localizado no munic\u00edpio de Ilh\u00e9us.<\/h3>\n<h3 style=\"text-align: justify;\">O respons\u00e1vel pelo transporte foi conduzido \u00e0 delegacia de Itabuna para a ado\u00e7\u00e3o das medidas legais cab\u00edveis.<\/h3>\n<h3 style=\"text-align: justify;\">A Adab destaca que a comercializa\u00e7\u00e3o de carne sem inspe\u00e7\u00e3o \u00e9 crime, podendo se enquadrar como infra\u00e7\u00e3o contra as rela\u00e7\u00f5es de consumo e a sa\u00fade p\u00fablica. Produtos de origem clandestina s\u00e3o considerados impr\u00f3prios para o consumo e representam risco \u00e0 sa\u00fade, uma vez que n\u00e3o passam por controle sanit\u00e1rio, podendo estar contaminados.<\/h3>\n<h3 style=\"text-align: justify;\">Al\u00e9m disso, a legisla\u00e7\u00e3o prev\u00ea responsabiliza\u00e7\u00e3o para todos os envolvidos na cadeia irregular, incluindo transporte, distribui\u00e7\u00e3o e comercializa\u00e7\u00e3o.<\/h3>\n<h3 style=\"text-align: justify;\">A Ag\u00eancia segue intensificando as a\u00e7\u00f5es de fiscaliza\u00e7\u00e3o em todo o estado, com o objetivo de combater o abate clandestino e garantir a seguran\u00e7a dos alimentos que chegam \u00e0 popula\u00e7\u00e3o.<\/h3>\n<h3 style=\"text-align: justify;\">A Adab orienta a popula\u00e7\u00e3o a adquirir produtos de origem animal apenas em estabelecimentos regularizados e inspecionados, e destaca a import\u00e2ncia da den\u00fancia de pr\u00e1ticas irregulares por meio dos canais oficiais da Ag\u00eancia.<\/h3>\n","protected":false},"excerpt":{"rendered":"<p>No \u00faltimo domingo (26), a Ag\u00eancia de Defesa Agropecu\u00e1ria da Bahia (ADAB), realizou uma a\u00e7\u00e3o de fiscaliza\u00e7\u00e3o no distrito de S\u00e3o Jo\u00e3o do Panelinha, munic\u00edpio de Camacan, que resultou na apreens\u00e3o de aproximadamente 900 quilos de carne sem comprova\u00e7\u00e3o de proced\u00eancia e sem documenta\u00e7\u00e3o sanit\u00e1ria.<\/p>\n","protected":false},"author":3,"featured_media":1376,"comment_status":"closed","ping_status":"closed","sticky":false,"template":"","format":"standard","meta":{"_links_to":"","_links_to_target":""},"categories":[1],"tags":[],"_links":{"self":[{"href":"https:\/\/www.namira.blog.br\/v1\/wp-json\/wp\/v2\/posts\/1374"}],"collection":[{"href":"https:\/\/www.namira.blog.br\/v1\/wp-json\/wp\/v2\/posts"}],"about":[{"href":"https:\/\/www.namira.blog.br\/v1\/wp-json\/wp\/v2\/types\/post"}],"author":[{"embeddable":true,"href":"https:\/\/www.namira.blog.br\/v1\/wp-json\/wp\/v2\/users\/3"}],"replies":[{"embeddable":true,"href":"https:\/\/www.namira.blog.br\/v1\/wp-json\/wp\/v2\/comments?post=1374"}],"version-history":[{"count":1,"href":"https:\/\/www.namira.blog.br\/v1\/wp-json\/wp\/v2\/posts\/1374\/revisions"}],"predecessor-version":[{"id":1377,"href":"https:\/\/www.namira.blog.br\/v1\/wp-json\/wp\/v2\/posts\/1374\/revisions\/1377"}],"wp:featuredmedia":[{"embeddable":true,"href":"https:\/\/www.namira.blog.br\/v1\/wp-json\/wp\/v2\/media\/1376"}],"wp:attachment":[{"href":"https:\/\/www.namira.blog.br\/v1\/wp-json\/wp\/v2\/media?parent=1374"}],"wp:term":[{"taxonomy":"category","embeddable":true,"href":"https:\/\/www.namira.blog.br\/v1\/wp-json\/wp\/v2\/categories?post=1374"},{"taxonomy":"post_tag","embeddable":true,"href":"https:\/\/www.namira.blog.br\/v1\/wp-json\/wp\/v2\/tags?post=1374"}],"curies":[{"name":"wp","href":"https:\/\/api.w.org\/{rel}","templated":true}]}}