{"id":1378,"date":"2026-04-28T07:17:16","date_gmt":"2026-04-28T10:17:16","guid":{"rendered":"https:\/\/www.namira.blog.br\/v1\/?p=1378"},"modified":"2026-04-28T07:17:16","modified_gmt":"2026-04-28T10:17:16","slug":"mae-e-crianca-brasileiras-morrem-no-libano-apos-ataques-de-israel","status":"publish","type":"post","link":"https:\/\/www.namira.blog.br\/v1\/2026\/04\/28\/mae-e-crianca-brasileiras-morrem-no-libano-apos-ataques-de-israel\/","title":{"rendered":"M\u00e3e e crian\u00e7a brasileiras morrem no L\u00edbano ap\u00f3s ataques de Israel"},"content":{"rendered":"<p><img loading=\"lazy\" class=\"alignnone size-medium wp-image-1379 aligncenter\" src=\"http:\/\/www.namira.blog.br\/v1\/wp-content\/uploads\/2026\/04\/177733013469efe7d67215e_17773301-300x200.jpg\" alt=\"\" width=\"300\" height=\"200\" srcset=\"https:\/\/www.namira.blog.br\/v1\/wp-content\/uploads\/2026\/04\/177733013469efe7d67215e_17773301-300x200.jpg 300w, https:\/\/www.namira.blog.br\/v1\/wp-content\/uploads\/2026\/04\/177733013469efe7d67215e_17773301.jpg 600w\" sizes=\"(max-width: 300px) 100vw, 300px\" \/><\/p>\n<h3 style=\"text-align: justify;\"><strong>Duas brasileiras, sendo uma mulher e o filho\u00a0dela, de 11 anos de idade, morreram quando estavam em casa, em Bint Jeil, no Sul do L\u00edbano, ap\u00f3s ataques das for\u00e7as armadas israelenses, no domingo (26). <\/strong><img src=\"https:\/\/agenciabrasil.ebc.com.br\/ebc.png?id=1687458&amp;o=node\" \/><img src=\"https:\/\/agenciabrasil.ebc.com.br\/ebc.gif?id=1687458&amp;o=node\" \/><!--more--><\/h3>\n<h3 style=\"text-align: justify;\">A informa\u00e7\u00e3o foi confirmada na noite desta segunda (27) pelo Minist\u00e9rio das Rela\u00e7\u00f5es Exteriores do Brasil, o Itamaraty.<\/h3>\n<h3 style=\"text-align: justify;\">O governo acrescentou que o pai do\u00a0menino, que \u00e9 liban\u00eas, tamb\u00e9m n\u00e3o sobreviveu aos bombardeios. O<strong>utro filho do casal, que tamb\u00e9m \u00e9 brasileiro, foi hospitalizado. <\/strong><\/h3>\n<h3 style=\"text-align: justify;\">Segundo a nota, a Embaixada do Brasil em Beirute est\u00e1 em contato com a fam\u00edlia das v\u00edtimas para prestar assist\u00eancia consular, incluindo ao filho hospitalizado.<\/h3>\n<h3 style=\"text-align: justify;\">Viola\u00e7\u00f5es inaceit\u00e1veis<\/h3>\n<h3 style=\"text-align: justify;\">O Minist\u00e9rio das Rela\u00e7\u00f5es Exteriores considerou que o ataque constitui mais um exemplo das \u201creiteradas e inaceit\u00e1veis&#8221; viola\u00e7\u00f5es ao cessar-fogo anunciado em 16 de abril.<\/h3>\n<h3 style=\"text-align: justify;\">Segundo o documento emitido pela diplomacia brasileira, essas viola\u00e7\u00f5es j\u00e1 resultaram na morte de \u201cdezenas de civis libaneses, incluindo mulheres e crian\u00e7as, assim como de uma jornalista e de dois integrantes franceses da For\u00e7a Interina das Na\u00e7\u00f5es Unidas no L\u00edbano (UNIFIL)\u201d.<\/h3>\n<h3 style=\"text-align: justify;\">O governo brasileiro expressou condol\u00eancias aos familiares das v\u00edtimas e reiterou \u201cveemente condena\u00e7\u00e3o a todos os ataques perpetrados durante a vig\u00eancia do cessar-fogo, tanto por parte das for\u00e7as israelenses quanto do Hezbollah\u201d.<\/h3>\n<h3 style=\"text-align: justify;\">A nota do Itamaraty tamb\u00e9m condenou as demoli\u00e7\u00f5es de resid\u00eancias e de outras estruturas civis no Sul do L\u00edbano, pelas for\u00e7as israelenses.<\/h3>\n<h3 style=\"text-align: justify;\">O Brasil pede que seja cumprida a resolu\u00e7\u00e3o do Conselho de Seguran\u00e7a das Na\u00e7\u00f5es Unidas, que estabeleceu os termos do cessar-fogo desde 2006 na regi\u00e3o e tamb\u00e9m a retirada completa das for\u00e7as israelenses do territ\u00f3rio liban\u00eas.<\/h3>\n","protected":false},"excerpt":{"rendered":"<p>Duas brasileiras, sendo uma mulher e o filho\u00a0dela, de 11 anos de idade, morreram quando estavam em casa, em Bint Jeil, no Sul do L\u00edbano, ap\u00f3s ataques das for\u00e7as armadas israelenses, no domingo (26).<\/p>\n","protected":false},"author":3,"featured_media":1379,"comment_status":"closed","ping_status":"closed","sticky":false,"template":"","format":"standard","meta":{"_links_to":"","_links_to_target":""},"categories":[14],"tags":[],"_links":{"self":[{"href":"https:\/\/www.namira.blog.br\/v1\/wp-json\/wp\/v2\/posts\/1378"}],"collection":[{"href":"https:\/\/www.namira.blog.br\/v1\/wp-json\/wp\/v2\/posts"}],"about":[{"href":"https:\/\/www.namira.blog.br\/v1\/wp-json\/wp\/v2\/types\/post"}],"author":[{"embeddable":true,"href":"https:\/\/www.namira.blog.br\/v1\/wp-json\/wp\/v2\/users\/3"}],"replies":[{"embeddable":true,"href":"https:\/\/www.namira.blog.br\/v1\/wp-json\/wp\/v2\/comments?post=1378"}],"version-history":[{"count":1,"href":"https:\/\/www.namira.blog.br\/v1\/wp-json\/wp\/v2\/posts\/1378\/revisions"}],"predecessor-version":[{"id":1380,"href":"https:\/\/www.namira.blog.br\/v1\/wp-json\/wp\/v2\/posts\/1378\/revisions\/1380"}],"wp:featuredmedia":[{"embeddable":true,"href":"https:\/\/www.namira.blog.br\/v1\/wp-json\/wp\/v2\/media\/1379"}],"wp:attachment":[{"href":"https:\/\/www.namira.blog.br\/v1\/wp-json\/wp\/v2\/media?parent=1378"}],"wp:term":[{"taxonomy":"category","embeddable":true,"href":"https:\/\/www.namira.blog.br\/v1\/wp-json\/wp\/v2\/categories?post=1378"},{"taxonomy":"post_tag","embeddable":true,"href":"https:\/\/www.namira.blog.br\/v1\/wp-json\/wp\/v2\/tags?post=1378"}],"curies":[{"name":"wp","href":"https:\/\/api.w.org\/{rel}","templated":true}]}}