{"id":1381,"date":"2026-04-29T06:21:31","date_gmt":"2026-04-29T09:21:31","guid":{"rendered":"https:\/\/www.namira.blog.br\/v1\/?p=1381"},"modified":"2026-04-29T06:21:31","modified_gmt":"2026-04-29T09:21:31","slug":"itabuna-abre-novas-matriculas-para-projeto-aquatico-na-vila-olimpica","status":"publish","type":"post","link":"https:\/\/www.namira.blog.br\/v1\/2026\/04\/29\/itabuna-abre-novas-matriculas-para-projeto-aquatico-na-vila-olimpica\/","title":{"rendered":"Itabuna abre novas matr\u00edculas para projeto aqu\u00e1tico na Vila Ol\u00edmpica"},"content":{"rendered":"<h3 data-start=\"0\" data-end=\"332\"><img loading=\"lazy\" class=\"alignnone size-medium wp-image-1382 aligncenter\" src=\"http:\/\/www.namira.blog.br\/v1\/wp-content\/uploads\/2026\/04\/capa-300x168.jpeg\" alt=\"\" width=\"300\" height=\"168\" srcset=\"https:\/\/www.namira.blog.br\/v1\/wp-content\/uploads\/2026\/04\/capa-300x168.jpeg 300w, https:\/\/www.namira.blog.br\/v1\/wp-content\/uploads\/2026\/04\/capa.jpeg 600w\" sizes=\"(max-width: 300px) 100vw, 300px\" \/><\/h3>\n<h3 style=\"text-align: justify;\" data-start=\"0\" data-end=\"332\">A Prefeitura de Itabuna, por meio da Secretaria Municipal de Esportes e Lazer, anunciou a abertura de novas matr\u00edculas para o Projeto Aqu\u00e1tico, realizado na Vila Ol\u00edmpica de Itabuna. A iniciativa busca ampliar o acesso da popula\u00e7\u00e3o \u00e0s atividades f\u00edsicas, promovendo sa\u00fade, bem-estar e qualidade de vida.<\/h3>\n<p style=\"text-align: justify;\"><!--more--><\/p>\n<h3 style=\"text-align: justify;\" data-start=\"334\" data-end=\"582\">O projeto oferece aulas de nata\u00e7\u00e3o para crian\u00e7as a partir dos 8 anos e hidrogin\u00e1stica para pessoas com 16 anos ou mais. As atividades s\u00e3o voltadas tanto para iniciantes quanto para aqueles que desejam manter uma rotina saud\u00e1vel por meio do esporte.<\/h3>\n<h3 style=\"text-align: justify;\" data-start=\"584\" data-end=\"962\">As inscri\u00e7\u00f5es estar\u00e3o abertas entre os dias 4 e 15 de maio, sempre das 8h \u00e0s 17h, e devem ser realizadas presencialmente na pr\u00f3pria Vila Ol\u00edmpica. Para efetivar a matr\u00edcula, os interessados precisam apresentar documentos originais e c\u00f3pias de RG e CPF, comprovante de resid\u00eancia, relat\u00f3rio m\u00e9dico que ateste aptid\u00e3o para a pr\u00e1tica da modalidade escolhida e uma foto 3\u00d74 recente.<\/h3>\n","protected":false},"excerpt":{"rendered":"<p>A Prefeitura de Itabuna, por meio da Secretaria Municipal de Esportes e Lazer, anunciou a abertura de novas matr\u00edculas para o Projeto Aqu\u00e1tico, realizado na Vila Ol\u00edmpica de Itabuna. A iniciativa busca ampliar o acesso da popula\u00e7\u00e3o \u00e0s atividades f\u00edsicas, promovendo sa\u00fade, bem-estar e qualidade de vida.<\/p>\n","protected":false},"author":3,"featured_media":1383,"comment_status":"closed","ping_status":"closed","sticky":false,"template":"","format":"standard","meta":{"_links_to":"","_links_to_target":""},"categories":[11,2,35],"tags":[],"_links":{"self":[{"href":"https:\/\/www.namira.blog.br\/v1\/wp-json\/wp\/v2\/posts\/1381"}],"collection":[{"href":"https:\/\/www.namira.blog.br\/v1\/wp-json\/wp\/v2\/posts"}],"about":[{"href":"https:\/\/www.namira.blog.br\/v1\/wp-json\/wp\/v2\/types\/post"}],"author":[{"embeddable":true,"href":"https:\/\/www.namira.blog.br\/v1\/wp-json\/wp\/v2\/users\/3"}],"replies":[{"embeddable":true,"href":"https:\/\/www.namira.blog.br\/v1\/wp-json\/wp\/v2\/comments?post=1381"}],"version-history":[{"count":1,"href":"https:\/\/www.namira.blog.br\/v1\/wp-json\/wp\/v2\/posts\/1381\/revisions"}],"predecessor-version":[{"id":1384,"href":"https:\/\/www.namira.blog.br\/v1\/wp-json\/wp\/v2\/posts\/1381\/revisions\/1384"}],"wp:featuredmedia":[{"embeddable":true,"href":"https:\/\/www.namira.blog.br\/v1\/wp-json\/wp\/v2\/media\/1383"}],"wp:attachment":[{"href":"https:\/\/www.namira.blog.br\/v1\/wp-json\/wp\/v2\/media?parent=1381"}],"wp:term":[{"taxonomy":"category","embeddable":true,"href":"https:\/\/www.namira.blog.br\/v1\/wp-json\/wp\/v2\/categories?post=1381"},{"taxonomy":"post_tag","embeddable":true,"href":"https:\/\/www.namira.blog.br\/v1\/wp-json\/wp\/v2\/tags?post=1381"}],"curies":[{"name":"wp","href":"https:\/\/api.w.org\/{rel}","templated":true}]}}