{"id":1385,"date":"2026-04-29T06:28:35","date_gmt":"2026-04-29T09:28:35","guid":{"rendered":"https:\/\/www.namira.blog.br\/v1\/?p=1385"},"modified":"2026-04-29T06:28:35","modified_gmt":"2026-04-29T09:28:35","slug":"show-de-natanzinho-pode-ser-suspenso-na-bahia-apos-ultrapassar-teto-de-cache","status":"publish","type":"post","link":"https:\/\/www.namira.blog.br\/v1\/2026\/04\/29\/show-de-natanzinho-pode-ser-suspenso-na-bahia-apos-ultrapassar-teto-de-cache\/","title":{"rendered":"Show de Natanzinho pode ser suspenso na Bahia ap\u00f3s ultrapassar teto de cach\u00ea"},"content":{"rendered":"<h3><img loading=\"lazy\" class=\"alignnone size-medium wp-image-1386 aligncenter\" src=\"http:\/\/www.namira.blog.br\/v1\/wp-content\/uploads\/2026\/04\/show-de-natanzinho-pode-ser-susp-300x188.jpg\" alt=\"\" width=\"300\" height=\"188\" srcset=\"https:\/\/www.namira.blog.br\/v1\/wp-content\/uploads\/2026\/04\/show-de-natanzinho-pode-ser-susp-300x188.jpg 300w, https:\/\/www.namira.blog.br\/v1\/wp-content\/uploads\/2026\/04\/show-de-natanzinho-pode-ser-susp.jpg 600w\" sizes=\"(max-width: 300px) 100vw, 300px\" \/><\/h3>\n<h3 style=\"text-align: justify;\">Natanzinho Lima est\u00e1 prestes a remover um show de sua agenda do m\u00eas de maio. O Minist\u00e9rio P\u00fablico da Bahia recomendou a suspens\u00e3o do contrato de apresenta\u00e7\u00e3o do artista na 40\u00aa Vaquejada de Formosa do Rio Preto, cidade localizada no oeste baiano.<\/h3>\n<p><!--more--><\/p>\n<h3 style=\"text-align: justify;\">A recomenda\u00e7\u00e3o foi feita pelo promotor de Justi\u00e7a Daniel Auto de Albuquerque, que alegou uma ultrapassagem do teto de R$ 700 mil para cach\u00eas de artistas em eventos da Bahia durante as festividades juninas.<\/h3>\n<p>Tudo sobre <strong>M\u00fasica<\/strong> em primeira m\u00e3o!<\/p>\n<h3 style=\"text-align: justify;\">De acordo com o documento, o cantor foi contratado pelo montante de R$ 800 mil, acendendo um alerta. Daniel Albuquerque explicou que o valor \u00e9 acima da m\u00e9dia de 2025, que foi de aproximadamente R$ 604 mil. \u201cO valor contratado pelo munic\u00edpio representa um acr\u00e9scimo de cerca de 28%\u201d, explicou.<\/h3>\n<h3 style=\"text-align: justify;\">Legalidade da contrata\u00e7\u00e3o<\/h3>\n<h3 style=\"text-align: justify;\">A recomenda\u00e7\u00e3o do MP \u00e9 de que a prefeitura de Formosa do Rio Preto suspenda o contrato do artista e interrompa o pagamento integral do valor. A medida ser\u00e1 v\u00e1lida at\u00e9 a apresenta\u00e7\u00e3o de documentos comprobat\u00f3rios de regularidade da contrata\u00e7\u00e3o.<\/h3>\n<h3>Leia Tamb\u00e9m:<\/h3>\n<h3 style=\"text-align: justify;\">O \u00f3rg\u00e3o ainda exige que a gest\u00e3o municipal envie o processo completo de inexigibilidade de licita\u00e7\u00e3o, juntamente com a justificativa do pre\u00e7o, demonstra\u00e7\u00e3o financeira do munic\u00edpio e an\u00e1lise do impacto da despesa nas contas p\u00fablicas.<\/h3>\n<h3 style=\"text-align: justify;\">Eles ter\u00e3o cerca de 10 dias para decidir se acatam ou n\u00e3o a recomenda\u00e7\u00e3o do Minist\u00e9rio P\u00fablico. Caso o pedido seja negado, o MP poder\u00e1 acionar a Justi\u00e7a para uma medida mais dura.<\/h3>\n<h3 style=\"text-align: justify;\">Teto de cach\u00eas na Bahia<\/h3>\n<h3 style=\"text-align: justify;\">Em mar\u00e7o deste ano, o <a href=\"https:\/\/atarde.com.br\/?q=mpba\" target=\"_blank\" rel=\"noopener\" data-rel-defined=\"\">Minist\u00e9rio P\u00fablico da Bahia (MPBA)<\/a> divulgou as diretrizes com rela\u00e7\u00e3o aos valores utilizados pelas prefeituras do estado para a contrata\u00e7\u00e3o de artistas durante o S\u00e3o Jo\u00e3o.<\/h3>\n<h3 style=\"text-align: justify;\">A medida foi anunciada em parceria com os Tribunais de Contas dos Munic\u00edpios (TCM\/BA), o Estado da Bahia (TCE\/BA) e os demais Minist\u00e9rios P\u00fablicos do Nordeste, visando garantir que a m\u00e9dia do somat\u00f3rio dos cach\u00eas dos artistas n\u00e3o ultrapasse o valor do ano anterior, chegando a um \u201climite superior de aten\u00e7\u00e3o\u201d.<\/h3>\n<h3 style=\"text-align: justify;\">O documento busca alinhar as contrata\u00e7\u00f5es art\u00edsticas \u00e0 Nova Lei de Licita\u00e7\u00f5es (Lei n\u00ba 14.133\/2021) e \u00e0 Lei de Responsabilidade Fiscal. De acordo com os \u00f3rg\u00e3os de controle, a iniciativa n\u00e3o visa restringir as festas, mas sim mitigar riscos institucionais e assegurar a probidade administrativa.<\/h3>\n","protected":false},"excerpt":{"rendered":"<p>Natanzinho Lima est\u00e1 prestes a remover um show de sua agenda do m\u00eas de maio. O Minist\u00e9rio P\u00fablico da Bahia recomendou a suspens\u00e3o do contrato de apresenta\u00e7\u00e3o do artista na 40\u00aa Vaquejada de Formosa do Rio Preto, cidade localizada no oeste baiano.<\/p>\n","protected":false},"author":3,"featured_media":1386,"comment_status":"closed","ping_status":"closed","sticky":false,"template":"","format":"standard","meta":{"_links_to":"","_links_to_target":""},"categories":[11,3],"tags":[],"_links":{"self":[{"href":"https:\/\/www.namira.blog.br\/v1\/wp-json\/wp\/v2\/posts\/1385"}],"collection":[{"href":"https:\/\/www.namira.blog.br\/v1\/wp-json\/wp\/v2\/posts"}],"about":[{"href":"https:\/\/www.namira.blog.br\/v1\/wp-json\/wp\/v2\/types\/post"}],"author":[{"embeddable":true,"href":"https:\/\/www.namira.blog.br\/v1\/wp-json\/wp\/v2\/users\/3"}],"replies":[{"embeddable":true,"href":"https:\/\/www.namira.blog.br\/v1\/wp-json\/wp\/v2\/comments?post=1385"}],"version-history":[{"count":1,"href":"https:\/\/www.namira.blog.br\/v1\/wp-json\/wp\/v2\/posts\/1385\/revisions"}],"predecessor-version":[{"id":1387,"href":"https:\/\/www.namira.blog.br\/v1\/wp-json\/wp\/v2\/posts\/1385\/revisions\/1387"}],"wp:featuredmedia":[{"embeddable":true,"href":"https:\/\/www.namira.blog.br\/v1\/wp-json\/wp\/v2\/media\/1386"}],"wp:attachment":[{"href":"https:\/\/www.namira.blog.br\/v1\/wp-json\/wp\/v2\/media?parent=1385"}],"wp:term":[{"taxonomy":"category","embeddable":true,"href":"https:\/\/www.namira.blog.br\/v1\/wp-json\/wp\/v2\/categories?post=1385"},{"taxonomy":"post_tag","embeddable":true,"href":"https:\/\/www.namira.blog.br\/v1\/wp-json\/wp\/v2\/tags?post=1385"}],"curies":[{"name":"wp","href":"https:\/\/api.w.org\/{rel}","templated":true}]}}