{"id":1391,"date":"2026-04-29T15:02:53","date_gmt":"2026-04-29T18:02:53","guid":{"rendered":"https:\/\/www.namira.blog.br\/v1\/?p=1391"},"modified":"2026-04-29T15:02:53","modified_gmt":"2026-04-29T18:02:53","slug":"investigado-por-trafico-interestadual-e-localizado-durante-operacao-em-arraial-dajuda","status":"publish","type":"post","link":"https:\/\/www.namira.blog.br\/v1\/2026\/04\/29\/investigado-por-trafico-interestadual-e-localizado-durante-operacao-em-arraial-dajuda\/","title":{"rendered":"Investigado por tr\u00e1fico interestadual \u00e9 localizado durante opera\u00e7\u00e3o em Arraial d\u2019Ajuda"},"content":{"rendered":"<h3 data-start=\"266\" data-end=\"518\"><img loading=\"lazy\" class=\"alignnone size-medium wp-image-1392 aligncenter\" src=\"http:\/\/www.namira.blog.br\/v1\/wp-content\/uploads\/2026\/04\/operacao-monte-pascoal-arraialdajuda-2-450x338-1-300x225.jpg\" alt=\"\" width=\"300\" height=\"225\" srcset=\"https:\/\/www.namira.blog.br\/v1\/wp-content\/uploads\/2026\/04\/operacao-monte-pascoal-arraialdajuda-2-450x338-1-300x225.jpg 300w, https:\/\/www.namira.blog.br\/v1\/wp-content\/uploads\/2026\/04\/operacao-monte-pascoal-arraialdajuda-2-450x338-1-400x300.jpg 400w, https:\/\/www.namira.blog.br\/v1\/wp-content\/uploads\/2026\/04\/operacao-monte-pascoal-arraialdajuda-2-450x338-1.jpg 450w\" sizes=\"(max-width: 300px) 100vw, 300px\" \/><\/h3>\n<h3 style=\"text-align: justify;\" data-start=\"266\" data-end=\"518\">Um homem de 30 anos investigado por tr\u00e1fico interestadual de drogas foi preso na manh\u00e3 desta quarta-feira (29), durante uma opera\u00e7\u00e3o conjunta das pol\u00edcias civis da Bahia e de Goi\u00e1s, em Arraial d\u2019Ajuda, distrito de Porto Seguro.<!--more--><\/h3>\n<h3 style=\"text-align: justify;\" data-start=\"522\" data-end=\"788\">Agentes da Delegacia de Firmin\u00f3polis, em Goi\u00e1s, e da 2\u00aa Delegacia Territorial de Arraial cumpriram dois mandados de busca e apreens\u00e3o em im\u00f3veis no bairro Alto do Vilas. O investigado foi encontrado em uma das casas alvo da opera\u00e7\u00e3o.<\/h3>\n<h3 style=\"text-align: justify;\" data-start=\"792\" data-end=\"1012\">De acordo com as investiga\u00e7\u00f5es, o homem possui antecedentes por tr\u00e1fico de drogas e homic\u00eddio no estado de Goi\u00e1s. Ap\u00f3s a pris\u00e3o, ele foi encaminhado para exame de les\u00f5es corporais e deve passar por audi\u00eancia de cust\u00f3dia.<\/h3>\n<h3 id=\"attachment_87150\" class=\"wp-caption\" style=\"text-align: justify;\" aria-describedby=\"caption-attachment-87150\">Opera\u00e7\u00e3o conjunta entre Bahia e Goi\u00e1s cumpriu mandados de busca no bairro Alto do Vilas<\/h3>\n<h3 style=\"text-align: justify;\" data-start=\"1016\" data-end=\"1201\">A a\u00e7\u00e3o faz parte da \u201cOpera\u00e7\u00e3o Monte Pascoal\u201d, que apura a atua\u00e7\u00e3o de uma associa\u00e7\u00e3o criminosa envolvida na comercializa\u00e7\u00e3o de maconha, crack e coca\u00edna entre os estados da Bahia e Goi\u00e1s.<\/h3>\n<h3 style=\"text-align: justify;\" data-start=\"1205\" data-end=\"1436\">Ainda conforme a pol\u00edcia, as investiga\u00e7\u00f5es come\u00e7aram h\u00e1 cerca de dois anos em Goi\u00e1s e contaram com apoio da Delegacia Territorial de Arraial d\u2019Ajuda e da Superintend\u00eancia de Intelig\u00eancia da Secretaria da Seguran\u00e7a P\u00fablica da Bahia.<\/h3>\n<h3 style=\"text-align: justify;\" data-start=\"1440\" data-end=\"1599\">A opera\u00e7\u00e3o foi realizada simultaneamente nos dois estados. Em Goi\u00e1s, foram cumpridos cinco mandados de pris\u00e3o preventiva e cinco mandados de busca e apreens\u00e3o.<\/h3>\n","protected":false},"excerpt":{"rendered":"<p>Um homem de 30 anos investigado por tr\u00e1fico interestadual de drogas foi preso na manh\u00e3 desta quarta-feira (29), durante uma opera\u00e7\u00e3o conjunta das pol\u00edcias civis da Bahia e de Goi\u00e1s, em Arraial d\u2019Ajuda, distrito de Porto Seguro.<\/p>\n","protected":false},"author":3,"featured_media":1392,"comment_status":"closed","ping_status":"closed","sticky":false,"template":"","format":"standard","meta":{"_links_to":"","_links_to_target":""},"categories":[11,5,8,35],"tags":[],"_links":{"self":[{"href":"https:\/\/www.namira.blog.br\/v1\/wp-json\/wp\/v2\/posts\/1391"}],"collection":[{"href":"https:\/\/www.namira.blog.br\/v1\/wp-json\/wp\/v2\/posts"}],"about":[{"href":"https:\/\/www.namira.blog.br\/v1\/wp-json\/wp\/v2\/types\/post"}],"author":[{"embeddable":true,"href":"https:\/\/www.namira.blog.br\/v1\/wp-json\/wp\/v2\/users\/3"}],"replies":[{"embeddable":true,"href":"https:\/\/www.namira.blog.br\/v1\/wp-json\/wp\/v2\/comments?post=1391"}],"version-history":[{"count":1,"href":"https:\/\/www.namira.blog.br\/v1\/wp-json\/wp\/v2\/posts\/1391\/revisions"}],"predecessor-version":[{"id":1393,"href":"https:\/\/www.namira.blog.br\/v1\/wp-json\/wp\/v2\/posts\/1391\/revisions\/1393"}],"wp:featuredmedia":[{"embeddable":true,"href":"https:\/\/www.namira.blog.br\/v1\/wp-json\/wp\/v2\/media\/1392"}],"wp:attachment":[{"href":"https:\/\/www.namira.blog.br\/v1\/wp-json\/wp\/v2\/media?parent=1391"}],"wp:term":[{"taxonomy":"category","embeddable":true,"href":"https:\/\/www.namira.blog.br\/v1\/wp-json\/wp\/v2\/categories?post=1391"},{"taxonomy":"post_tag","embeddable":true,"href":"https:\/\/www.namira.blog.br\/v1\/wp-json\/wp\/v2\/tags?post=1391"}],"curies":[{"name":"wp","href":"https:\/\/api.w.org\/{rel}","templated":true}]}}