{"id":1394,"date":"2026-04-29T15:50:50","date_gmt":"2026-04-29T18:50:50","guid":{"rendered":"https:\/\/www.namira.blog.br\/v1\/?p=1394"},"modified":"2026-04-29T15:50:51","modified_gmt":"2026-04-29T18:50:51","slug":"flavio-bolsonaro-e-messias-travam-embate-sobre-8-de-janeiro-e-escandalo-do-inss-durante-sabatina-pelo-stf","status":"publish","type":"post","link":"https:\/\/www.namira.blog.br\/v1\/2026\/04\/29\/flavio-bolsonaro-e-messias-travam-embate-sobre-8-de-janeiro-e-escandalo-do-inss-durante-sabatina-pelo-stf\/","title":{"rendered":"Fl\u00e1vio Bolsonaro e Messias travam embate sobre 8 de Janeiro e esc\u00e2ndalo do INSS durante sabatina pelo STF"},"content":{"rendered":"<h3 data-mrf-recirculation=\"Links internos\"><img loading=\"lazy\" class=\"alignnone size-medium wp-image-1396 aligncenter\" src=\"http:\/\/www.namira.blog.br\/v1\/wp-content\/uploads\/2026\/04\/Flavio-e-Messias-1-300x168.jpg\" alt=\"\" width=\"300\" height=\"168\" srcset=\"https:\/\/www.namira.blog.br\/v1\/wp-content\/uploads\/2026\/04\/Flavio-e-Messias-1-300x168.jpg 300w, https:\/\/www.namira.blog.br\/v1\/wp-content\/uploads\/2026\/04\/Flavio-e-Messias-1.jpg 600w\" sizes=\"(max-width: 300px) 100vw, 300px\" \/><\/h3>\n<h3 style=\"text-align: justify;\" data-mrf-recirculation=\"Links internos\">Pr\u00e9-candidato \u00e0 Presid\u00eancia, o senador Fl\u00e1vio Bolsonaro (PL-RJ) questionou o advogado-geral da Uni\u00e3o, Jorge Messias, quanto \u00e0s penas aplicadas aos condenados pelos atos antidemocr\u00e1ticos de 8 de janeiro, durante sabatina \u00e0 qual \u00e9 submetido por ter sido indicado ao STF. O filho primog\u00eanito de Jair Bolsonaro (PL) tamb\u00e9m abordou o esc\u00e2ndalo de desvios em aposentadorias do INSS.<!--more--><\/h3>\n<h3 style=\"text-align: justify;\" data-mrf-recirculation=\"Links internos\">\u201cQuanto mais passa o tempo, mais se percebe a farsa do julgamento do 8 de janeiro. O senhor acha que essas pessoas (os condenados) s\u00e3o uma amea\u00e7a \u00e0 democracia? Uma segunda quest\u00e3o: o senhor, enquanto AGU, deixou de bloquear contas de entidades relacionadas aos desvios no INSS por terem rela\u00e7\u00e3o com o irm\u00e3o do presidente <a href=\"https:\/\/veja.abril.com.br\/noticias-sobre\/luiz-inacio-lula-da-silva\/\">Lula<\/a>?\u201d, perguntou.<\/h3>\n<h3 style=\"text-align: justify;\" data-mrf-recirculation=\"Links internos\">Em resposta, Messias classificou o 8 de janeiro como \u201cum dos epis\u00f3dios mais tristes da hist\u00f3ria\u201d e afirmou que o processo penal deve ser respeitado. Entretanto, ponderou que as penas n\u00e3o podem servir como \u201cvingan\u00e7a\u201d e que a anistia deve ser debatido no Congresso.<\/h3>\n<h3 style=\"text-align: justify;\" data-mrf-recirculation=\"Links internos\">\u201cQuero dizer que o 8 de janeiro foi um dos epis\u00f3dios mais tristes da hist\u00f3ria recente. O processo penal sempre carrega uma trag\u00e9dia familiar. O sistema penal brasileiro tem mecanismos pr\u00f3prios de revis\u00e3o criminal. Essas quest\u00f5es ainda podem ser revistas. Mas, do ponto de vista do direito penal, precisamos voltar \u00e0 legalidade estrita, individualiza\u00e7\u00e3o e proporcionalidade da pena. O processo penal n\u00e3o \u00e9 um ato de vingan\u00e7a, mas de justi\u00e7a. Quanto \u00e0 discuss\u00e3o sobre anistia, esta \u00e9 pr\u00f3pria do ambiente institucional e compete a vossas excel\u00eancias, isto cabe ao Parlamento, e n\u00e3o a mim, enquanto legislador.\u201d<\/h3>\n<h3 style=\"text-align: justify;\" data-mrf-recirculation=\"Links internos\">Quanto aos desvios no INSS, Messias afirmou que n\u00e3o houve favorecimento a institui\u00e7\u00f5es relacionadas a familiares do presidente Lula.<\/h3>\n<h3 style=\"text-align: justify;\" data-mrf-recirculation=\"Links internos\">\u201cQuero afirmar categoricamente que pedi, sim, o bloqueio de valores do Sindnap e de seus dirigentes. A AGU cumpriu seu papel de forma t\u00e9cnica e republicana. J\u00e1 bloqueamos mais de R$ 2 bilh\u00f5es e devolvemos a 5.4 milh\u00f5es de pensionistas valores indevidamente descontados. N\u00e3o fico discutindo a responsabilidade do estado. Conversei com o STF, DPU, e conclu\u00edmos um entendimento em prol dos aposentados e pensionistas. A AGU foi a primeira institui\u00e7\u00e3o a agir depois da opera\u00e7\u00e3o da <a href=\"https:\/\/veja.abril.com.br\/noticias-sobre\/pf\/\">Pol\u00edcia Federal<\/a>\u201d, completou.<\/h3>\n","protected":false},"excerpt":{"rendered":"<p>Pr\u00e9-candidato \u00e0 Presid\u00eancia, o senador Fl\u00e1vio Bolsonaro (PL-RJ) questionou o advogado-geral da Uni\u00e3o, Jorge Messias, quanto \u00e0s penas aplicadas aos condenados pelos atos antidemocr\u00e1ticos de 8 de janeiro, durante sabatina \u00e0 qual \u00e9 submetido por ter sido indicado ao STF. O filho primog\u00eanito de Jair Bolsonaro (PL) tamb\u00e9m abordou o esc\u00e2ndalo de desvios em aposentadorias [&hellip;]<\/p>\n","protected":false},"author":3,"featured_media":1395,"comment_status":"closed","ping_status":"closed","sticky":false,"template":"","format":"standard","meta":{"_links_to":"","_links_to_target":""},"categories":[9,6,10],"tags":[],"_links":{"self":[{"href":"https:\/\/www.namira.blog.br\/v1\/wp-json\/wp\/v2\/posts\/1394"}],"collection":[{"href":"https:\/\/www.namira.blog.br\/v1\/wp-json\/wp\/v2\/posts"}],"about":[{"href":"https:\/\/www.namira.blog.br\/v1\/wp-json\/wp\/v2\/types\/post"}],"author":[{"embeddable":true,"href":"https:\/\/www.namira.blog.br\/v1\/wp-json\/wp\/v2\/users\/3"}],"replies":[{"embeddable":true,"href":"https:\/\/www.namira.blog.br\/v1\/wp-json\/wp\/v2\/comments?post=1394"}],"version-history":[{"count":1,"href":"https:\/\/www.namira.blog.br\/v1\/wp-json\/wp\/v2\/posts\/1394\/revisions"}],"predecessor-version":[{"id":1397,"href":"https:\/\/www.namira.blog.br\/v1\/wp-json\/wp\/v2\/posts\/1394\/revisions\/1397"}],"wp:featuredmedia":[{"embeddable":true,"href":"https:\/\/www.namira.blog.br\/v1\/wp-json\/wp\/v2\/media\/1395"}],"wp:attachment":[{"href":"https:\/\/www.namira.blog.br\/v1\/wp-json\/wp\/v2\/media?parent=1394"}],"wp:term":[{"taxonomy":"category","embeddable":true,"href":"https:\/\/www.namira.blog.br\/v1\/wp-json\/wp\/v2\/categories?post=1394"},{"taxonomy":"post_tag","embeddable":true,"href":"https:\/\/www.namira.blog.br\/v1\/wp-json\/wp\/v2\/tags?post=1394"}],"curies":[{"name":"wp","href":"https:\/\/api.w.org\/{rel}","templated":true}]}}