{"id":1398,"date":"2026-04-29T16:21:53","date_gmt":"2026-04-29T19:21:53","guid":{"rendered":"https:\/\/www.namira.blog.br\/v1\/?p=1398"},"modified":"2026-04-30T06:56:29","modified_gmt":"2026-04-30T09:56:29","slug":"pesquisa-quaest-acm-neto-lidera-corrida-pelo-governo-da-bahia","status":"publish","type":"post","link":"https:\/\/www.namira.blog.br\/v1\/2026\/04\/29\/pesquisa-quaest-acm-neto-lidera-corrida-pelo-governo-da-bahia\/","title":{"rendered":"Pesquisa Quaest: ACM Neto lidera corrida pelo governo da Bahia"},"content":{"rendered":"<h3 id=\"paragrafo-u260ay6oj6\" style=\"text-align: center;\"><img loading=\"lazy\" class=\"alignnone size-medium wp-image-1399\" src=\"http:\/\/www.namira.blog.br\/v1\/wp-content\/uploads\/2026\/04\/acm-neto-em-ilheus-nesta-quinta--300x220.jpg\" alt=\"\" width=\"300\" height=\"220\" srcset=\"https:\/\/www.namira.blog.br\/v1\/wp-content\/uploads\/2026\/04\/acm-neto-em-ilheus-nesta-quinta--300x220.jpg 300w, https:\/\/www.namira.blog.br\/v1\/wp-content\/uploads\/2026\/04\/acm-neto-em-ilheus-nesta-quinta-.jpg 600w\" sizes=\"(max-width: 300px) 100vw, 300px\" \/><\/h3>\n<h3 style=\"text-align: justify;\">O ex-prefeito de Salvador ACM Neto (Uni\u00e3o Brasil) lidera a disputa pelo governo da Bahia com 41% das inten\u00e7\u00f5es de votos, segundo a primeira pesquisa divulgada pelo instituto Quaest neste ano divulgada nesta quarta-feira (29). O governador Jer\u00f4nimo Rodrigues (PT), que concorrer\u00e1 \u00e0 reelei\u00e7\u00e3o, tem 37%.<\/h3>\n<p><!--more--><\/p>\n<h3 id=\"paragrafo-lyi1e7c6i7\" style=\"text-align: justify;\">Em terceiro lugar, aparece Ronaldo Mansur (PSOL) com 1% da inten\u00e7\u00e3o de votos. Os votos brancos e nulos somam 10%. Os indecisos s\u00e3o 11%.<\/h3>\n<div><\/div>\n<p>&nbsp;<\/p>\n<figure><img loading=\"lazy\" class=\"moz-reader-block-img\" src=\"https:\/\/midias.correio24horas.com.br\/2026\/04\/29\/pesquisa-quaest-divulgada-nesta-quarta-feira-29-3244339-article.webp\" alt=\"Pesquisa Quaest divulgada nesta quarta-feira (29)\" width=\"1200\" height=\"619\" \/><\/figure>\n<h3 id=\"paragrafo-qm0a4zraqe\" style=\"text-align: justify;\">Em segundo cen\u00e1rio, com o nome de Jos\u00e9 Estev\u00e3o (DC), ACM Neto 41%, e Jer\u00f4nimo Rodrigues aparece com 36%. O pr\u00e9-candidato do PSOL tem 1%, e Estev\u00e3o n\u00e3o pontuou. Os votos brancos e nulos somam 8%. Os indecisos s\u00e3o 14%.<\/h3>\n<h3 id=\"paragrafo-p7ij96p2wk\">Na pesquisa espont\u00e2nea, quando os entrevistados n\u00e3o recebem uma lista pr\u00e9via de candidatos, ACM Neto e Jer\u00f4nimo Rodrigues est\u00e3o com 13% de inten\u00e7\u00f5es de votos, cada um. Os demais pr\u00e9-candidatos n\u00e3o pontuaram. Os indecisos s\u00e3o 73%. Branco, nulo e n\u00e3o vai votar s\u00e3o 1%.<\/h3>\n<h3 id=\"paragrafo-v6c5s5m93h\" style=\"text-align: justify;\">Em um eventual segundo turno entre ACM Neto e Jer\u00f4nimo Rodrigues, o ex-prefeito de Salvador tem 41%. J\u00e1 o petista aparece com 38%. Os indecisos s\u00e3o 12%, e os brancos, e nulos e n\u00e3o v\u00e3o votar somam 9%.<\/h3>\n<h3 id=\"paragrafo-ws42jidxx3\" style=\"text-align: justify;\">O instituto ouviu 1200 entrevistados entre os dias 23 e 27 de abril. O n\u00edvel de confian\u00e7a das estimativas \u00e9 de 95% e a margem de erro m\u00e1xima prevista \u00e9 de cerca de 3 pontos percentuais para mais ou para menos. A pesquisa foi encomendada pelo Banco Genial. O levantamento foi registrado no Tribunal Superior Eleitoral sob o protocolo BA-03657\/2026.<\/h3>\n","protected":false},"excerpt":{"rendered":"<p>O ex-prefeito de Salvador ACM Neto (Uni\u00e3o Brasil) lidera a disputa pelo governo da Bahia com 41% das inten\u00e7\u00f5es de votos, segundo a primeira pesquisa divulgada pelo instituto Quaest neste ano divulgada nesta quarta-feira (29). O governador Jer\u00f4nimo Rodrigues (PT), que concorrer\u00e1 \u00e0 reelei\u00e7\u00e3o, tem 37%.<\/p>\n","protected":false},"author":3,"featured_media":1399,"comment_status":"closed","ping_status":"closed","sticky":false,"template":"","format":"standard","meta":{"_links_to":"","_links_to_target":""},"categories":[11,2,10],"tags":[],"_links":{"self":[{"href":"https:\/\/www.namira.blog.br\/v1\/wp-json\/wp\/v2\/posts\/1398"}],"collection":[{"href":"https:\/\/www.namira.blog.br\/v1\/wp-json\/wp\/v2\/posts"}],"about":[{"href":"https:\/\/www.namira.blog.br\/v1\/wp-json\/wp\/v2\/types\/post"}],"author":[{"embeddable":true,"href":"https:\/\/www.namira.blog.br\/v1\/wp-json\/wp\/v2\/users\/3"}],"replies":[{"embeddable":true,"href":"https:\/\/www.namira.blog.br\/v1\/wp-json\/wp\/v2\/comments?post=1398"}],"version-history":[{"count":5,"href":"https:\/\/www.namira.blog.br\/v1\/wp-json\/wp\/v2\/posts\/1398\/revisions"}],"predecessor-version":[{"id":1428,"href":"https:\/\/www.namira.blog.br\/v1\/wp-json\/wp\/v2\/posts\/1398\/revisions\/1428"}],"wp:featuredmedia":[{"embeddable":true,"href":"https:\/\/www.namira.blog.br\/v1\/wp-json\/wp\/v2\/media\/1399"}],"wp:attachment":[{"href":"https:\/\/www.namira.blog.br\/v1\/wp-json\/wp\/v2\/media?parent=1398"}],"wp:term":[{"taxonomy":"category","embeddable":true,"href":"https:\/\/www.namira.blog.br\/v1\/wp-json\/wp\/v2\/categories?post=1398"},{"taxonomy":"post_tag","embeddable":true,"href":"https:\/\/www.namira.blog.br\/v1\/wp-json\/wp\/v2\/tags?post=1398"}],"curies":[{"name":"wp","href":"https:\/\/api.w.org\/{rel}","templated":true}]}}