{"id":1401,"date":"2026-04-29T16:26:57","date_gmt":"2026-04-29T19:26:57","guid":{"rendered":"https:\/\/www.namira.blog.br\/v1\/?p=1401"},"modified":"2026-04-29T16:32:36","modified_gmt":"2026-04-29T19:32:36","slug":"fies-inscricoes-para-vagas-remanescentes-terminam-nesta-quarta-feira-30","status":"publish","type":"post","link":"https:\/\/www.namira.blog.br\/v1\/2026\/04\/29\/fies-inscricoes-para-vagas-remanescentes-terminam-nesta-quarta-feira-30\/","title":{"rendered":"Fies: inscri\u00e7\u00f5es para vagas remanescentes terminam nesta quarta-feira (29)"},"content":{"rendered":"<h3><img loading=\"lazy\" class=\"alignnone size-medium wp-image-1402 aligncenter\" src=\"http:\/\/www.namira.blog.br\/v1\/wp-content\/uploads\/2026\/04\/fies-2956046-article-300x200.jpg\" alt=\"\" width=\"300\" height=\"200\" srcset=\"https:\/\/www.namira.blog.br\/v1\/wp-content\/uploads\/2026\/04\/fies-2956046-article-300x200.jpg 300w, https:\/\/www.namira.blog.br\/v1\/wp-content\/uploads\/2026\/04\/fies-2956046-article.jpg 600w\" sizes=\"(max-width: 300px) 100vw, 300px\" \/><\/h3>\n<h3 id=\"paragrafo-pngnjfgtqj\" style=\"text-align: justify;\">As inscri\u00e7\u00f5es gratuitas para as vagas remanescentes do Fundo de Financiamento Estudantil (Fies) do primeiro semestre de 2026 terminam \u00e0s 23h59 (hor\u00e1rio de Bras\u00edlia) desta quarta-feira (29). O processo, iniciado no \u00faltimo dia 22, \u00e9 voltado a estudantes interessados em financiar cursos de gradua\u00e7\u00e3o em institui\u00e7\u00f5es privadas.<\/h3>\n<p style=\"text-align: justify;\"><!--more--><\/p>\n<h3 id=\"paragrafo-7giqu9sf41\" style=\"text-align: justify;\">A inscri\u00e7\u00e3o deve ser feita exclusivamente pela internet, por meio do Portal Acesso \u00danico ao Ensino Superior, com login na conta Gov.br. O programa, coordenado pelo Minist\u00e9rio da Educa\u00e7\u00e3o, financia cursos que tenham avalia\u00e7\u00e3o positiva no Sistema Nacional de Avalia\u00e7\u00e3o da Educa\u00e7\u00e3o Superior.<\/h3>\n<h3 id=\"paragrafo-citt3dd9r7\" style=\"text-align: justify;\">Para participar, o candidato precisa ter feito o Exame Nacional do Ensino M\u00e9dio a partir de 2010, com m\u00e9dia igual ou superior a 450 pontos nas provas e nota acima de zero na reda\u00e7\u00e3o. Tamb\u00e9m \u00e9 necess\u00e1rio comprovar renda familiar mensal de at\u00e9 tr\u00eas sal\u00e1rios m\u00ednimos por pessoa (R$ 4.863 em 2026) e atender \u00e0 frequ\u00eancia m\u00ednima exigida no curso escolhido.<\/h3>\n<p id=\"paragrafo-t0wq86he7u\">Ap\u00f3s o encerramento das inscri\u00e7\u00f5es, o resultado da chamada \u00fanica ser\u00e1 divulgado em 7 de maio. Os pr\u00e9-selecionados dever\u00e3o complementar a inscri\u00e7\u00e3o no sistema e validar as informa\u00e7\u00f5es junto \u00e0 institui\u00e7\u00e3o de ensino entre os dias 8 e 11 de maio. Na sequ\u00eancia, ser\u00e1 feita a valida\u00e7\u00e3o dos dados pelo banco.<\/p>\n<h3 id=\"paragrafo-otzlwynaet\" style=\"text-align: justify;\">Candidatos que n\u00e3o forem selecionados na chamada \u00fanica ser\u00e3o automaticamente inclu\u00eddos na lista de espera, com convoca\u00e7\u00f5es previstas entre 15 e 29 de maio.<\/h3>\n<h3 id=\"paragrafo-qy2db3an3j\" style=\"text-align: justify;\">O Fies realiza dois processos seletivos regulares por ano, al\u00e9m de etapas para preenchimento de vagas remanescentes. Em caso de d\u00favidas, o MEC disponibiliza atendimento pelo telefone 0800-616161.<\/h3>\n","protected":false},"excerpt":{"rendered":"<p>As inscri\u00e7\u00f5es gratuitas para as vagas remanescentes do Fundo de Financiamento Estudantil (Fies) do primeiro semestre de 2026 terminam \u00e0s 23h59 (hor\u00e1rio de Bras\u00edlia) desta quarta-feira (29). O processo, iniciado no \u00faltimo dia 22, \u00e9 voltado a estudantes interessados em financiar cursos de gradua\u00e7\u00e3o em institui\u00e7\u00f5es privadas.<\/p>\n","protected":false},"author":3,"featured_media":1402,"comment_status":"closed","ping_status":"closed","sticky":false,"template":"","format":"standard","meta":{"_links_to":"","_links_to_target":""},"categories":[9,3,1],"tags":[],"_links":{"self":[{"href":"https:\/\/www.namira.blog.br\/v1\/wp-json\/wp\/v2\/posts\/1401"}],"collection":[{"href":"https:\/\/www.namira.blog.br\/v1\/wp-json\/wp\/v2\/posts"}],"about":[{"href":"https:\/\/www.namira.blog.br\/v1\/wp-json\/wp\/v2\/types\/post"}],"author":[{"embeddable":true,"href":"https:\/\/www.namira.blog.br\/v1\/wp-json\/wp\/v2\/users\/3"}],"replies":[{"embeddable":true,"href":"https:\/\/www.namira.blog.br\/v1\/wp-json\/wp\/v2\/comments?post=1401"}],"version-history":[{"count":3,"href":"https:\/\/www.namira.blog.br\/v1\/wp-json\/wp\/v2\/posts\/1401\/revisions"}],"predecessor-version":[{"id":1406,"href":"https:\/\/www.namira.blog.br\/v1\/wp-json\/wp\/v2\/posts\/1401\/revisions\/1406"}],"wp:featuredmedia":[{"embeddable":true,"href":"https:\/\/www.namira.blog.br\/v1\/wp-json\/wp\/v2\/media\/1402"}],"wp:attachment":[{"href":"https:\/\/www.namira.blog.br\/v1\/wp-json\/wp\/v2\/media?parent=1401"}],"wp:term":[{"taxonomy":"category","embeddable":true,"href":"https:\/\/www.namira.blog.br\/v1\/wp-json\/wp\/v2\/categories?post=1401"},{"taxonomy":"post_tag","embeddable":true,"href":"https:\/\/www.namira.blog.br\/v1\/wp-json\/wp\/v2\/tags?post=1401"}],"curies":[{"name":"wp","href":"https:\/\/api.w.org\/{rel}","templated":true}]}}