{"id":1412,"date":"2026-04-30T06:34:11","date_gmt":"2026-04-30T09:34:11","guid":{"rendered":"https:\/\/www.namira.blog.br\/v1\/?p=1412"},"modified":"2026-04-30T06:55:58","modified_gmt":"2026-04-30T09:55:58","slug":"senado-rejeita-indicacao-de-messias-para-o-stf","status":"publish","type":"post","link":"https:\/\/www.namira.blog.br\/v1\/2026\/04\/30\/senado-rejeita-indicacao-de-messias-para-o-stf\/","title":{"rendered":"Senado rejeita indica\u00e7\u00e3o de Messias para o STF"},"content":{"rendered":"<h3><img loading=\"lazy\" class=\"alignnone size-medium wp-image-1413 aligncenter\" src=\"http:\/\/www.namira.blog.br\/v1\/wp-content\/uploads\/2026\/04\/0d9a4262-300x180.jpg\" alt=\"\" width=\"300\" height=\"180\" srcset=\"https:\/\/www.namira.blog.br\/v1\/wp-content\/uploads\/2026\/04\/0d9a4262-300x180.jpg 300w, https:\/\/www.namira.blog.br\/v1\/wp-content\/uploads\/2026\/04\/0d9a4262.jpg 600w\" sizes=\"(max-width: 300px) 100vw, 300px\" \/><\/h3>\n<h3 style=\"text-align: justify;\">O plen\u00e1rio do Senado rejeitou nesta quarta-feira (29) a indica\u00e7\u00e3o de Jorge Messias para o cargo de ministro do Supremo Tribunal Federal (STF).\u00a0Foram 42 votos contr\u00e1rios e 34 favor\u00e1veis. <img src=\"https:\/\/agenciabrasil.ebc.com.br\/ebc.png?id=1687729&amp;o=node\" \/><img src=\"https:\/\/agenciabrasil.ebc.com.br\/ebc.gif?id=1687729&amp;o=node\" \/><!--more--><\/h3>\n<h3 style=\"text-align: justify;\">Para que a indica\u00e7\u00e3o de Messias fosse aprovada eram necess\u00e1rios pelo menos 41 votos dos 81 senadores. Com a rejei\u00e7\u00e3o, a indica\u00e7\u00e3o foi arquivada.<\/h3>\n<h3 style=\"text-align: justify;\">Esta \u00e9 a primeira vez em mais de 130 anos que o nome de um indicado a ministro do STF \u00e9 rejeitado.\u00a0Antes desse per\u00edodo, apenas cinco indica\u00e7\u00f5es foram derrubadas pelos senadores: todas em 1894, no governo do marechal Floriano Peixoto.<\/h3>\n<h3 style=\"text-align: justify;\">A vota\u00e7\u00e3o da indica\u00e7\u00e3o de Jorge Messias durou pouco mais de sete minutos. Senadores da oposi\u00e7\u00e3o comemoraram a derrota do governo, enquanto parlamentares da base governista estavam sem entender a situa\u00e7\u00e3o.<\/h3>\n<h3 style=\"text-align: justify;\">Ap\u00f3s a rejei\u00e7\u00e3o, o presidente do Senado, Davi Alcolumbre (Uni\u00e3o-AP) encerrou a sess\u00e3o por volta das 19h15.<\/h3>\n<h3 style=\"text-align: justify;\">O relator da indica\u00e7\u00e3o de Messias na Comiss\u00e3o de Constitui\u00e7\u00e3o e Justi\u00e7a (CCJ), Weverton Rocha (PDT-MA) chegou a dizer que a avalia\u00e7\u00e3o era de que Messias teria entre 45 e 48 votos pela sua aprova\u00e7\u00e3o.<\/h3>\n<h3 style=\"text-align: justify;\">Antes da vota\u00e7\u00e3o, os senadores aprovaram indica\u00e7\u00f5es para vagas do Conselho Nacional do Minist\u00e9rio P\u00fablico (CNMP) e do Conselho Nacional de Justi\u00e7a. Tamb\u00e9m foram aprovadas as indica\u00e7\u00f5es de Margareth Rodrigues Costa, para ministra do Tribunal Superior do Trabalho (TST) e de Tarcijany\u00a0Linhares Aguiar Machado para o cargo de defensora p\u00fablica-geral federal\u00a0da\u00a0Defensoria P\u00fablica da Uni\u00e3o.<\/h3>\n<h3 style=\"text-align: justify;\">Mais cedo, <a href=\"https:\/\/agenciabrasil.ebc.com.br\/politica\/noticia\/2026-04\/ccj-do-senado-aprova-nome-de-jorge-messias-para-o-stf\">a CCJ\u00a0havia aprovado <\/a>o nome de Messias para o cargo de ministro da mais alta corte por 16 votos favor\u00e1veis e 11 contr\u00e1rios.<\/h3>\n<h3 style=\"text-align: justify;\">Durante a sabatina, Messias <a href=\"https:\/\/agenciabrasil.ebc.com.br\/politica\/noticia\/2026-04\/messias-diz-que-conciliacao-e-melhor-solucao-para-conflitos-por-terra\">respondeu a perguntas<\/a> de senadores da base governista e da oposi\u00e7\u00e3o.<\/h3>\n<h3 style=\"text-align: justify;\">A indica\u00e7\u00e3o de Jorge Messias foi anunciada pelo presidente Luiz In\u00e1cio Lula da Silva\u00a0<a href=\"https:\/\/agenciabrasil.ebc.com.br\/justica\/noticia\/2025-11\/lula-indica-messias-para-vaga-de-barroso-no-stf\">h\u00e1 cerca de cinco meses<\/a>, mas a mensagem oficial com a indica\u00e7\u00e3o (MSF 7\/2026) s\u00f3\u00a0<a href=\"https:\/\/agenciabrasil.ebc.com.br\/politica\/noticia\/2026-04\/presidencia-da-republica-oficializa-indicacao-de-jorge-messias-ao-stf\">chegou ao Senado<\/a> no in\u00edcio de abril.<\/h3>\n<h3 style=\"text-align: justify;\">Ele foi indicado pelo governo federal\u00a0para assumir a vaga deixada pelo ministro Lu\u00eds Roberto Barroso, que anunciou\u00a0aposentadoria\u00a0antecipada da Corte e deixou o tribunal em outubro de 2025.<\/h3>\n<h3 style=\"text-align: justify;\">Mat\u00e9ria atualizada \u00e0s 19h31 para acr\u00e9scimo de infoma\u00e7\u00f5es<\/h3>\n","protected":false},"excerpt":{"rendered":"<p>O plen\u00e1rio do Senado rejeitou nesta quarta-feira (29) a indica\u00e7\u00e3o de Jorge Messias para o cargo de ministro do Supremo Tribunal Federal (STF).\u00a0Foram 42 votos contr\u00e1rios e 34 favor\u00e1veis.<\/p>\n","protected":false},"author":3,"featured_media":1413,"comment_status":"closed","ping_status":"closed","sticky":false,"template":"","format":"standard","meta":{"_links_to":"","_links_to_target":""},"categories":[9,2,10],"tags":[],"_links":{"self":[{"href":"https:\/\/www.namira.blog.br\/v1\/wp-json\/wp\/v2\/posts\/1412"}],"collection":[{"href":"https:\/\/www.namira.blog.br\/v1\/wp-json\/wp\/v2\/posts"}],"about":[{"href":"https:\/\/www.namira.blog.br\/v1\/wp-json\/wp\/v2\/types\/post"}],"author":[{"embeddable":true,"href":"https:\/\/www.namira.blog.br\/v1\/wp-json\/wp\/v2\/users\/3"}],"replies":[{"embeddable":true,"href":"https:\/\/www.namira.blog.br\/v1\/wp-json\/wp\/v2\/comments?post=1412"}],"version-history":[{"count":2,"href":"https:\/\/www.namira.blog.br\/v1\/wp-json\/wp\/v2\/posts\/1412\/revisions"}],"predecessor-version":[{"id":1427,"href":"https:\/\/www.namira.blog.br\/v1\/wp-json\/wp\/v2\/posts\/1412\/revisions\/1427"}],"wp:featuredmedia":[{"embeddable":true,"href":"https:\/\/www.namira.blog.br\/v1\/wp-json\/wp\/v2\/media\/1413"}],"wp:attachment":[{"href":"https:\/\/www.namira.blog.br\/v1\/wp-json\/wp\/v2\/media?parent=1412"}],"wp:term":[{"taxonomy":"category","embeddable":true,"href":"https:\/\/www.namira.blog.br\/v1\/wp-json\/wp\/v2\/categories?post=1412"},{"taxonomy":"post_tag","embeddable":true,"href":"https:\/\/www.namira.blog.br\/v1\/wp-json\/wp\/v2\/tags?post=1412"}],"curies":[{"name":"wp","href":"https:\/\/api.w.org\/{rel}","templated":true}]}}