{"id":1415,"date":"2026-04-30T06:38:55","date_gmt":"2026-04-30T09:38:55","guid":{"rendered":"https:\/\/www.namira.blog.br\/v1\/?p=1415"},"modified":"2026-04-30T06:55:17","modified_gmt":"2026-04-30T09:55:17","slug":"banco-central-reduz-juros-basicos-para-145-ao-ano","status":"publish","type":"post","link":"https:\/\/www.namira.blog.br\/v1\/2026\/04\/30\/banco-central-reduz-juros-basicos-para-145-ao-ano\/","title":{"rendered":"Banco Central reduz juros b\u00e1sicos para 14,5% ao ano"},"content":{"rendered":"<h3><img loading=\"lazy\" class=\"alignnone size-medium wp-image-1416 aligncenter\" src=\"http:\/\/www.namira.blog.br\/v1\/wp-content\/uploads\/2026\/04\/banco_central_abr_30091923895-300x180.jpg\" alt=\"\" width=\"300\" height=\"180\" srcset=\"https:\/\/www.namira.blog.br\/v1\/wp-content\/uploads\/2026\/04\/banco_central_abr_30091923895-300x180.jpg 300w, https:\/\/www.namira.blog.br\/v1\/wp-content\/uploads\/2026\/04\/banco_central_abr_30091923895.jpg 600w\" sizes=\"(max-width: 300px) 100vw, 300px\" \/><\/h3>\n<h3 style=\"text-align: justify;\">Apesar das tens\u00f5es em torno da guerra no Oriente M\u00e9dio, o Banco Central (BC) cortou os juros pela segunda vez seguida. Por unanimidade, o Comit\u00ea de Pol\u00edtica Monet\u00e1ria (Copom) reduziu a Taxa Selic, juros b\u00e1sicos da economia, em 0,25 ponto percentual, para 14,5% ao ano. A decis\u00e3o era esperada pelo mercado financeiro.<img src=\"https:\/\/agenciabrasil.ebc.com.br\/ebc.png?id=1687718&amp;o=node\" \/><img src=\"https:\/\/agenciabrasil.ebc.com.br\/ebc.gif?id=1687718&amp;o=node\" \/><!--more--><\/h3>\n<h3 style=\"text-align: justify;\">De junho de 2025 a mar\u00e7o deste ano, a Selic ficou em 15% ao ano, o maior n\u00edvel em quase 20 anos. O Copom voltou a cortar os juros na reuni\u00e3o passada, num cen\u00e1rio de queda da infla\u00e7\u00e3o. No entanto, a guerra no Oriente M\u00e9dio, que se refletiu no aumento dos\u00a0pre\u00e7os de combust\u00edveis e de alimentos, dificulta o trabalho do Copom.<\/h3>\n<h3 style=\"text-align: justify;\">O Copom estar\u00e1 desfalcado porque o mandato dos diretores de Organiza\u00e7\u00e3o do Sistema Financeiro, Renato Gomes, e de Pol\u00edtica Econ\u00f4mica, Paulo Pichetti, expirou no fim de 2025. O presidente Luiz In\u00e1cio Lula da Silva at\u00e9 agora n\u00e3o encaminhou as indica\u00e7\u00f5es dos substitutos ao Congresso Nacional.<\/h3>\n<h3 style=\"text-align: justify;\">Na reuni\u00e3o deste m\u00eas, haver\u00e1 mais um desfalque. Na ter\u00e7a-feira (28), o Banco Central anunciou que o diretor de Administra\u00e7\u00e3o, Rodrigo Teixeira, se ausentar\u00e1 por causa do falecimento de um parente de primeiro grau.<\/h3>\n<h3 style=\"text-align: justify;\">Em nota, o Copom n\u00e3o deu pistas sobre a evolu\u00e7\u00e3o dos juros. O texto informou que est\u00e1 monitorando a guerra no Oriente M\u00e9dio e os efeitos de um poss\u00edvel prolongamento sobre a infla\u00e7\u00e3o.<\/h3>\n<h3>&#8220;Nesse momento, as proje\u00e7\u00f5es de infla\u00e7\u00e3o apresentam distanciamento adicional em rela\u00e7\u00e3o \u00e0 meta no horizonte relevante para a pol\u00edtica monet\u00e1ria. Ao mesmo tempo, a incerteza acerca dessas proje\u00e7\u00f5es foi elevada consideravelmente, em fun\u00e7\u00e3o da falta de clareza sobre a dura\u00e7\u00e3o dos conflitos e de seus efeitos sobre os condicionantes dos modelos de proje\u00e7\u00e3o analisados&#8221;, destacou o comunicado.<\/h3>\n<h3 style=\"text-align: justify;\">Infla\u00e7\u00e3o<\/h3>\n<h3 style=\"text-align: justify;\">A Selic \u00e9 o principal instrumento do Banco Central para manter sob controle a infla\u00e7\u00e3o oficial, medida pelo \u00cdndice Nacional de Pre\u00e7os ao Consumidor Amplo (IPCA). A pr\u00e9via da infla\u00e7\u00e3o oficial pelo \u00cdndice Nacional de Pre\u00e7os ao Consumidor Amplo-15 (IPCA-15) <a href=\"https:\/\/agenciabrasil.ebc.com.br\/economia\/noticia\/2026-04\/gasolina-e-alimentos-pressionam-e-previa-da-inflacao-sobe-para-089\" target=\"_blank\" rel=\"noopener\">acelerou para 0,89% em abril<\/a>. No acumulado de 12 meses, o \u00edndice acelerou para 4,37%, contra 3,9% em mar\u00e7o.<\/h3>\n<h3 style=\"text-align: justify;\">O IPCA cheio de abril s\u00f3 ser\u00e1 divulgado em 12 de maio.<\/h3>\n<h3 style=\"text-align: justify;\">Pelo novo <a href=\"https:\/\/agenciabrasil.ebc.com.br\/economia\/noticia\/2024-06\/cmn-define-centro-da-meta-continua-de-inflacao-em-3\">sistema de meta cont\u00ednua<\/a>, em vigor desde janeiro de 2025, a meta de infla\u00e7\u00e3o que deve ser perseguida pelo BC, definida pelo Conselho Monet\u00e1rio Nacional, \u00e9 de 3%, com intervalo de toler\u00e2ncia de 1,5 ponto percentual para cima ou para baixo. Ou seja, o limite inferior \u00e9 1,5% e o superior \u00e9 4,5%.<\/h3>\n<h3 style=\"text-align: justify;\">No modelo de meta cont\u00ednua, a meta passa a ser apurada m\u00eas a m\u00eas, considerando a infla\u00e7\u00e3o acumulada em 12 meses. Em abril de 2026, a infla\u00e7\u00e3o desde maio de 2025 \u00e9 comparada com a meta e o intervalo de toler\u00e2ncia. Em maio de 2026, o procedimento se repete, com apura\u00e7\u00e3o a partir de junho de 2025. Dessa forma, a verifica\u00e7\u00e3o se desloca ao longo do tempo, n\u00e3o ficando mais restrita ao \u00edndice fechado de dezembro de cada ano.<\/h3>\n<h3 style=\"text-align: justify;\">No \u00faltimo Relat\u00f3rio de Pol\u00edtica Monet\u00e1ria, divulgado no fim de mar\u00e7o pelo Banco Central, a autoridade monet\u00e1ria elevou, <a href=\"https:\/\/agenciabrasil.ebc.com.br\/economia\/noticia\/2026-04\/%E2%80%9Chttps:\/\/agenciabrasil.ebc.com.br\/economia\/noticia\/2026-03\/banco-central-preve-crescimento-de-16-para-o-pib-em-2026%E2%80%9D\" target=\"\u201c_blank\u201d\" rel=\"noopener\">de 3,5% para 3,6%<\/a>, a previs\u00e3o do IPCA em 2026, mas a estimativa ser\u00e1 revista, por causa do comportamento do d\u00f3lar e da infla\u00e7\u00e3o. A pr\u00f3xima edi\u00e7\u00e3o do documento, que substituiu o antigo Relat\u00f3rio de Infla\u00e7\u00e3o, ser\u00e1 divulgada no fim de junho.<\/h3>\n<h3 style=\"text-align: justify;\">As previs\u00f5es do mercado est\u00e3o mais pessimistas. De acordo com o boletim <em>Focus<\/em>, pesquisa semanal com institui\u00e7\u00f5es financeiras divulgada pelo BC, a infla\u00e7\u00e3o oficial dever\u00e1 fechar o ano <a href=\"https:\/\/agenciabrasil.ebc.com.br\/economia\/noticia\/2026-04\/boletim-focus-mercado-preve-inflacao-de-486-em-2026\" target=\"_blank\" rel=\"noopener\"> em 4,86%<\/a>, acima do teto da meta, de 4,5%. Antes do in\u00edcio da guerra no Oriente M\u00e9dio, as estimativas do mercado estavam em 3,95%.<\/h3>\n<h3 style=\"text-align: justify;\">Cr\u00e9dito menos caro<\/h3>\n<h3 style=\"text-align: justify;\">A redu\u00e7\u00e3o da taxa Selic impulsiona a economia. Isso porque juros mais baixos barateiam o cr\u00e9dito e estimulam a produ\u00e7\u00e3o e o consumo. Por outro lado, taxas menores dificultam o controle da infla\u00e7\u00e3o. No \u00faltimo <em>Relat\u00f3rio de Pol\u00edtica Monet\u00e1ria<\/em>, o Banco Central manteve <a href=\"https:\/\/agenciabrasil.ebc.com.br\/economia\/noticia\/2026-03\/banco-central-preve-crescimento-de-16-para-o-pib-em-2026%20target=\">em 1,6% <\/a>a previs\u00e3o de crescimento da economia em 2026.<\/h3>\n<h3 style=\"text-align: justify;\">O mercado projeta crescimento um pouco melhor. Segundo a \u00faltima edi\u00e7\u00e3o do boletim <em>Focus<\/em>, os analistas econ\u00f4micos preveem <a href=\"https:\/\/agenciabrasil.ebc.com.br\/economia\/noticia\/2026-04\/boletim-focus-mercado-preve-inflacao-de-486-em-2026\" target=\"_blank\" rel=\"noopener\">expans\u00e3o de 1,85%<\/a> do PIB em 2026.<\/h3>\n<h3 style=\"text-align: justify;\">A taxa b\u00e1sica de juros \u00e9 usada nas negocia\u00e7\u00f5es de t\u00edtulos p\u00fablicos no Sistema Especial de Liquida\u00e7\u00e3o e Cust\u00f3dia (Selic) e serve de refer\u00eancia para as demais taxas de juros da economia. Ao reajust\u00e1-la para cima, o Banco Central segura o excesso de demanda que pressiona os pre\u00e7os, porque juros mais altos encarecem o cr\u00e9dito e estimulam a poupan\u00e7a.<\/h3>\n<h3 style=\"text-align: justify;\">Ao reduzir os juros b\u00e1sicos, o Copom barateia o cr\u00e9dito e incentiva a produ\u00e7\u00e3o e o consumo, mas enfraquece o controle da infla\u00e7\u00e3o. Para cortar a Selic, a autoridade monet\u00e1ria precisa estar segura de que os pre\u00e7os est\u00e3o sob controle e n\u00e3o correm risco de subir.<\/h3>\n","protected":false},"excerpt":{"rendered":"<p>Apesar das tens\u00f5es em torno da guerra no Oriente M\u00e9dio, o Banco Central (BC) cortou os juros pela segunda vez seguida. Por unanimidade, o Comit\u00ea de Pol\u00edtica Monet\u00e1ria (Copom) reduziu a Taxa Selic, juros b\u00e1sicos da economia, em 0,25 ponto percentual, para 14,5% ao ano. A decis\u00e3o era esperada pelo mercado financeiro.<\/p>\n","protected":false},"author":3,"featured_media":1416,"comment_status":"closed","ping_status":"closed","sticky":false,"template":"","format":"standard","meta":{"_links_to":"","_links_to_target":""},"categories":[9,6],"tags":[],"_links":{"self":[{"href":"https:\/\/www.namira.blog.br\/v1\/wp-json\/wp\/v2\/posts\/1415"}],"collection":[{"href":"https:\/\/www.namira.blog.br\/v1\/wp-json\/wp\/v2\/posts"}],"about":[{"href":"https:\/\/www.namira.blog.br\/v1\/wp-json\/wp\/v2\/types\/post"}],"author":[{"embeddable":true,"href":"https:\/\/www.namira.blog.br\/v1\/wp-json\/wp\/v2\/users\/3"}],"replies":[{"embeddable":true,"href":"https:\/\/www.namira.blog.br\/v1\/wp-json\/wp\/v2\/comments?post=1415"}],"version-history":[{"count":2,"href":"https:\/\/www.namira.blog.br\/v1\/wp-json\/wp\/v2\/posts\/1415\/revisions"}],"predecessor-version":[{"id":1426,"href":"https:\/\/www.namira.blog.br\/v1\/wp-json\/wp\/v2\/posts\/1415\/revisions\/1426"}],"wp:featuredmedia":[{"embeddable":true,"href":"https:\/\/www.namira.blog.br\/v1\/wp-json\/wp\/v2\/media\/1416"}],"wp:attachment":[{"href":"https:\/\/www.namira.blog.br\/v1\/wp-json\/wp\/v2\/media?parent=1415"}],"wp:term":[{"taxonomy":"category","embeddable":true,"href":"https:\/\/www.namira.blog.br\/v1\/wp-json\/wp\/v2\/categories?post=1415"},{"taxonomy":"post_tag","embeddable":true,"href":"https:\/\/www.namira.blog.br\/v1\/wp-json\/wp\/v2\/tags?post=1415"}],"curies":[{"name":"wp","href":"https:\/\/api.w.org\/{rel}","templated":true}]}}