{"id":1418,"date":"2026-04-30T06:42:24","date_gmt":"2026-04-30T09:42:24","guid":{"rendered":"https:\/\/www.namira.blog.br\/v1\/?p=1418"},"modified":"2026-04-30T06:54:40","modified_gmt":"2026-04-30T09:54:40","slug":"supremo-chega-a-14-mil-condenados-pelos-atos-golpistas","status":"publish","type":"post","link":"https:\/\/www.namira.blog.br\/v1\/2026\/04\/30\/supremo-chega-a-14-mil-condenados-pelos-atos-golpistas\/","title":{"rendered":"Supremo chega a 1,4 mil condenados pelos atos golpistas"},"content":{"rendered":"<h3><img loading=\"lazy\" class=\"alignnone size-medium wp-image-1419 aligncenter\" src=\"http:\/\/www.namira.blog.br\/v1\/wp-content\/uploads\/2026\/04\/manifestacao1_mcamgo_abr_080120231818-5-300x180.jpg\" alt=\"\" width=\"300\" height=\"180\" srcset=\"https:\/\/www.namira.blog.br\/v1\/wp-content\/uploads\/2026\/04\/manifestacao1_mcamgo_abr_080120231818-5-300x180.jpg 300w, https:\/\/www.namira.blog.br\/v1\/wp-content\/uploads\/2026\/04\/manifestacao1_mcamgo_abr_080120231818-5.jpg 600w\" sizes=\"(max-width: 300px) 100vw, 300px\" \/><\/h3>\n<h3 style=\"text-align: justify;\">O Supremo Tribunal Federal (STF) chegou ao patamar de 1.402 condenados pelos atos golpistas de 8 de janeiro de 2023.\u00a0As penas est\u00e3o divididas da seguinte forma:<img src=\"https:\/\/agenciabrasil.ebc.com.br\/ebc.png?id=1687707&amp;o=node\" \/><img src=\"https:\/\/agenciabrasil.ebc.com.br\/ebc.gif?id=1687707&amp;o=node\" \/><\/h3>\n<ul style=\"text-align: justify;\">\n<li>\n<h3>431 &#8211;\u00a0penas de pris\u00e3o<\/h3>\n<\/li>\n<li>\n<h3>419 &#8211; penas alternativas<\/h3>\n<\/li>\n<li>\n<h3>552 &#8211; acordos de n\u00e3o persecu\u00e7\u00e3o penal.<\/h3>\n<\/li>\n<\/ul>\n<h3 style=\"text-align: justify;\"><!--more--><\/h3>\n<h3 style=\"text-align: justify;\">O balan\u00e7o sobre o andamento dos processos foi divulgado nesta quarta-feira (29) pelo gabinete do ministro Alexandre de Moraes, relator do caso.<\/h3>\n<h3 style=\"text-align: justify;\">De acordo com o levantamento, o maior grupo de condenados \u00e9 formado por 404 r\u00e9us, que receberam penas de um ano de pris\u00e3o, n\u00famero equivalente a 28,82% do total de condena\u00e7\u00f5es. Em seguida, foram registradas 213 condena\u00e7\u00f5es a 14 anos de pris\u00e3o, representando 15,19% do total.<\/h3>\n<h3 style=\"text-align: justify;\">A pena mais alta foi aplicada ao ex-presidente Jair Bolsonaro, \u00fanico condenado a 27 anos e tr\u00eas meses de pris\u00e3o.<\/h3>\n<h3 style=\"text-align: justify;\">O balan\u00e7o tamb\u00e9m mostra que 190 acusados est\u00e3o presos, sendo 169 que j\u00e1 tiveram as penas definitivas executadas e 21 pris\u00f5es provis\u00f3rias.<\/h3>\n<h3 style=\"text-align: justify;\">N\u00facleos<\/h3>\n<h3 style=\"text-align: justify;\">No ano passado, a Primeira Turma da Corte teve\u00a021 sess\u00f5es\u00a0para julgar os n\u00facleos crucial, estrat\u00e9gico, executores e de desinforma\u00e7\u00e3o, formados por investigados ligados a Bolsonaro.<\/h3>\n<h3 style=\"text-align: justify;\">O julgamento terminou com 29 condena\u00e7\u00f5es de r\u00e9us e 2 absolvi\u00e7\u00f5es.<\/h3>\n<h3 style=\"text-align: justify;\">Na sexta-feira (24), Alexandre de Moraes encerrou a execu\u00e7\u00e3o definitiva das penas dos condenados pela trama golpista.<\/h3>\n<h3 style=\"text-align: justify;\">As pris\u00f5es foram completadas ap\u00f3s o ministro determinar a execu\u00e7\u00e3o das condena\u00e7\u00f5es dos cinco condenados do N\u00facleo 2, o \u00faltimo grupo que estava pendente. Os r\u00e9us que pertencem aos\u00a0n\u00facleos 1, 3 e 4 j\u00e1 tiveram as pris\u00f5es determinadas.<\/h3>\n<h3 style=\"text-align: justify;\">8 de janeiro<\/h3>\n<h3 style=\"text-align: justify;\">Os ataques antidemocr\u00e1ticos ocorridos em 8 de janeiro de 2023 marcaram um dos epis\u00f3dios mais graves contra as institui\u00e7\u00f5es brasileiras, quando grupos de manifestantes invadiram e depredaram as sedes do Pal\u00e1cio do Planalto, do Congresso Nacional e do Supremo Tribunal Federal (STF).<\/h3>\n<h3 style=\"text-align: justify;\">Motivados pelo inconformismo com o resultado das elei\u00e7\u00f5es presidenciais de 2022, os extremistas depredaram \u00a0patrim\u00f4nio hist\u00f3rico e art\u00edstico nacional, em uma tentativa de instigar um golpe de Estado e interromper a ordem democr\u00e1tica.<\/h3>\n<h3 style=\"text-align: justify;\">Desde o ocorrido, o Poder Judici\u00e1rio tem atuado na responsabiliza\u00e7\u00e3o dos envolvidos, desde os executores diretos at\u00e9 os financiadores e mentores intelectuais da tentativa de golpe. A investiga\u00e7\u00e3o, conduzida sob a relatoria do ministro Alexandre de Moraes no STF, desmembrou as condutas em diferentes n\u00facleos de atua\u00e7\u00e3o.<\/h3>\n","protected":false},"excerpt":{"rendered":"<p>O Supremo Tribunal Federal (STF) chegou ao patamar de 1.402 condenados pelos atos golpistas de 8 de janeiro de 2023.\u00a0As penas est\u00e3o divididas da seguinte forma: 431 &#8211;\u00a0penas de pris\u00e3o 419 &#8211; penas alternativas 552 &#8211; acordos de n\u00e3o persecu\u00e7\u00e3o penal.<\/p>\n","protected":false},"author":3,"featured_media":1419,"comment_status":"closed","ping_status":"closed","sticky":false,"template":"","format":"standard","meta":{"_links_to":"","_links_to_target":""},"categories":[9,5],"tags":[],"_links":{"self":[{"href":"https:\/\/www.namira.blog.br\/v1\/wp-json\/wp\/v2\/posts\/1418"}],"collection":[{"href":"https:\/\/www.namira.blog.br\/v1\/wp-json\/wp\/v2\/posts"}],"about":[{"href":"https:\/\/www.namira.blog.br\/v1\/wp-json\/wp\/v2\/types\/post"}],"author":[{"embeddable":true,"href":"https:\/\/www.namira.blog.br\/v1\/wp-json\/wp\/v2\/users\/3"}],"replies":[{"embeddable":true,"href":"https:\/\/www.namira.blog.br\/v1\/wp-json\/wp\/v2\/comments?post=1418"}],"version-history":[{"count":2,"href":"https:\/\/www.namira.blog.br\/v1\/wp-json\/wp\/v2\/posts\/1418\/revisions"}],"predecessor-version":[{"id":1425,"href":"https:\/\/www.namira.blog.br\/v1\/wp-json\/wp\/v2\/posts\/1418\/revisions\/1425"}],"wp:featuredmedia":[{"embeddable":true,"href":"https:\/\/www.namira.blog.br\/v1\/wp-json\/wp\/v2\/media\/1419"}],"wp:attachment":[{"href":"https:\/\/www.namira.blog.br\/v1\/wp-json\/wp\/v2\/media?parent=1418"}],"wp:term":[{"taxonomy":"category","embeddable":true,"href":"https:\/\/www.namira.blog.br\/v1\/wp-json\/wp\/v2\/categories?post=1418"},{"taxonomy":"post_tag","embeddable":true,"href":"https:\/\/www.namira.blog.br\/v1\/wp-json\/wp\/v2\/tags?post=1418"}],"curies":[{"name":"wp","href":"https:\/\/api.w.org\/{rel}","templated":true}]}}