{"id":1421,"date":"2026-04-30T06:53:04","date_gmt":"2026-04-30T09:53:04","guid":{"rendered":"https:\/\/www.namira.blog.br\/v1\/?p=1421"},"modified":"2026-04-30T06:53:52","modified_gmt":"2026-04-30T09:53:52","slug":"campanha-contra-o-sarampo-visa-evitar-casos-importados-durante-a-copa","status":"publish","type":"post","link":"https:\/\/www.namira.blog.br\/v1\/2026\/04\/30\/campanha-contra-o-sarampo-visa-evitar-casos-importados-durante-a-copa\/","title":{"rendered":"Campanha contra o sarampo visa evitar casos importados durante a Copa"},"content":{"rendered":"<h3><\/h3>\n<h3><strong><img loading=\"lazy\" class=\"alignnone size-medium wp-image-1422 aligncenter\" src=\"http:\/\/www.namira.blog.br\/v1\/wp-content\/uploads\/2026\/04\/765dfeac-359f-4997-90a2-04dec52b-300x180.jpg\" alt=\"\" width=\"300\" height=\"180\" srcset=\"https:\/\/www.namira.blog.br\/v1\/wp-content\/uploads\/2026\/04\/765dfeac-359f-4997-90a2-04dec52b-300x180.jpg 300w, https:\/\/www.namira.blog.br\/v1\/wp-content\/uploads\/2026\/04\/765dfeac-359f-4997-90a2-04dec52b.jpg 600w\" sizes=\"(max-width: 300px) 100vw, 300px\" \/><\/strong><\/h3>\n<h3>Para evitar que as viagens de brasileiros para os jogos da Copa do Mundo se tornem uma brecha para a reintrodu\u00e7\u00e3o do sarampo no Brasil, o Minist\u00e9rio da Sa\u00fade\u00a0lan\u00e7ou nesta quarta-feira (29)\u00a0a campanha <em>Vacinar \u00e9 muito Brasil. <\/em><img src=\"https:\/\/agenciabrasil.ebc.com.br\/ebc.png?id=1687699&amp;o=node\" \/><img src=\"https:\/\/agenciabrasil.ebc.com.br\/ebc.gif?id=1687699&amp;o=node\" \/><\/h3>\n<h3><!--more--><\/h3>\n<h3>A a\u00e7\u00e3o\u00a0convoca\u00a0todos os viajantes a atualizarem suas cadernetas antes do embarque para os tr\u00eas pa\u00edses que v\u00e3o receber a competi\u00e7\u00e3o, Estados Unidos, Canad\u00e1 e M\u00e9xico. Juntos, os territ\u00f3rios\u00a0concentram 67% dos casos de sarampo registrados nas Am\u00e9ricas nos \u00faltimos anos.<\/h3>\n<h3>Em 2026, at\u00e9 o dia 11 de abril\u00a0foram confirmadas cerca de 17 mil infec\u00e7\u00f5es nas Am\u00e9ricas, sendo mais de 10 mil no M\u00e9xico, 1792 nos Estados Unidos e 907 no Canad\u00e1. Outro pa\u00eds em surto \u00e9 a Guatemala.<\/h3>\n<h3>O Brasil mant\u00e9m o status de pa\u00eds livre da doen\u00e7a, reconquistado em 2024, apesar de casos espor\u00e1dicos registrados. Este ano, 3 infec\u00e7\u00f5es foram confirmadas: uma beb\u00ea do estado de S\u00e3o Paulo contaminada na Bol\u00edvia; um homem da Guatemala, que apresentou sintomas tamb\u00e9m em S\u00e3o Paulo; e uma jovem do Rio de Janeiro, que trabalha em um hotel com grande tr\u00e2nsito de turistas internacionais.<\/h3>\n<h3>Durante o lan\u00e7amento da campanha, na sede do projeto social Gol de Letra, no Rio de Janeiro, o ministro da Sa\u00fade, Alexandre Padilha, esclareceu que o foco \u00e9 nos viajantes internacionais neste momento, considerando o risco que os surtos em outros pa\u00edses representam.<\/h3>\n<h3>&#8220;Primeiro esse p\u00fablico que est\u00e1 indo para Copa, porque s\u00e3o os tr\u00eas pa\u00edses que t\u00eam explos\u00e3o de casos de sarampo no continente americano&#8221;, ressaltou.<\/h3>\n<h3>&#8220;E aqui no Brasil a gente est\u00e1 fazendo uma campanha muito intensa com todo mundo que tem contato com turista, trabalhadores de hotel, trabalhadores de restaurantes, de t\u00e1xi, de transporte coletivo.\u00a0Para continuar com a nossa defesa firme&#8221;, completou.<\/h3>\n<h3>Imuniza\u00e7\u00e3o<\/h3>\n<h3>O imunizante contra o sarampo \u00e9 a vacina tr\u00edplice viral, que previne tamb\u00e9m a caxumba e a rub\u00e9ola. No caso de quem vai viajar, o ideal \u00e9 tomar a vacina pelo menos 15 dias antes do embarque, para garantir a chegada com o m\u00e1ximo de prote\u00e7\u00e3o.<\/h3>\n<h3>H\u00e1 duas semanas, o minist\u00e9rio instituiu outras adapta\u00e7\u00f5es para garantir a prote\u00e7\u00e3o desse p\u00fablico. Os beb\u00eas de 6 meses a 11 meses\u00a0devem receber a chamada &#8220;dose zero&#8221;, uma vacina extra antes da idade normal de imuniza\u00e7\u00e3o. J\u00e1 pessoas entre 12 meses e 29 anos devem receber duas doses, com intervalo de um m\u00eas entre elas.<\/h3>\n<h3>Adultos de 30 a 59 anos s\u00f3 precisam de uma dose. Os idosos normalmente n\u00e3o recebem a vacina, porque provavelmente j\u00e1 tiveram contato com o v\u00edrus selvagem ao longo da vida e desenvolveram imunidade. Mas podem ter acesso se\u00a0forem viajar para as \u00e1reas de risco e estejam bem de sa\u00fade.<\/h3>\n<h3>Apesar da preocupa\u00e7\u00e3o especial com os viajantes, o ministro da Sa\u00fade salientou que todas as pessoas de 1 a 59 anos que n\u00e3o tiverem comprovante de vacina\u00e7\u00e3o devem procurar uma unidade de sa\u00fade. &#8220;O sarampo \u00e9 o v\u00edrus que mais transmite entre os seres humanos. A vacina \u00e9 para todos os brasileiros&#8221;, ressaltou.<\/h3>\n<h3>Padilha tamb\u00e9m refor\u00e7ou a seguran\u00e7a do imunizante produzido pela Funda\u00e7\u00e3o Oswaldo Cruz (Fiocruz).<\/h3>\n<h3>&#8220;Eu sou m\u00e9dico infectologista e sou pai de uma crian\u00e7a de 11 anos anos de idade. Eu n\u00e3o vacinaria minha filha se eu n\u00e3o tivesse confian\u00e7a na qualidade, na seguran\u00e7a e na import\u00e2ncia da vacina contra o sarampo e de todas as vacinas que est\u00e3o no SUS. N\u00f3s estamos vencendo o jogo contra o negacionismo e derrotando a turma da antivacina&#8221;.<\/h3>\n<h3>O ministro da Sa\u00fade tamb\u00e9m lembrou que o Brasil j\u00e1 havia se tornado \u00e1rea livre da doen\u00e7a\u00a0em 2016, mas perdeu o certificado de \u00e1rea livre em 2019, ap\u00f3s novos surtos que come\u00e7aram com casos importados.<\/h3>\n<h3>&#8220;Porque come\u00e7ou a ter campanha contra a vacina, teve corte nos investimentos na \u00e1rea da sa\u00fade, redu\u00e7\u00e3o das coberturas vacinais, e s\u00f3 recuperamos em 2023. O sarampo \u00e9 uma doen\u00e7a que pode progredir como uma esp\u00e9cie de pneumonia e gerar interna\u00e7\u00e3o e \u00f3bito, como n\u00f3s tivemos quando voltou a ter surto no Brasil&#8221;, alertou.<\/h3>\n","protected":false},"excerpt":{"rendered":"<p>Para evitar que as viagens de brasileiros para os jogos da Copa do Mundo se tornem uma brecha para a reintrodu\u00e7\u00e3o do sarampo no Brasil, o Minist\u00e9rio da Sa\u00fade\u00a0lan\u00e7ou nesta quarta-feira (29)\u00a0a campanha Vacinar \u00e9 muito Brasil.<\/p>\n","protected":false},"author":3,"featured_media":1422,"comment_status":"closed","ping_status":"closed","sticky":false,"template":"","format":"standard","meta":{"_links_to":"","_links_to_target":""},"categories":[9,6],"tags":[],"_links":{"self":[{"href":"https:\/\/www.namira.blog.br\/v1\/wp-json\/wp\/v2\/posts\/1421"}],"collection":[{"href":"https:\/\/www.namira.blog.br\/v1\/wp-json\/wp\/v2\/posts"}],"about":[{"href":"https:\/\/www.namira.blog.br\/v1\/wp-json\/wp\/v2\/types\/post"}],"author":[{"embeddable":true,"href":"https:\/\/www.namira.blog.br\/v1\/wp-json\/wp\/v2\/users\/3"}],"replies":[{"embeddable":true,"href":"https:\/\/www.namira.blog.br\/v1\/wp-json\/wp\/v2\/comments?post=1421"}],"version-history":[{"count":2,"href":"https:\/\/www.namira.blog.br\/v1\/wp-json\/wp\/v2\/posts\/1421\/revisions"}],"predecessor-version":[{"id":1424,"href":"https:\/\/www.namira.blog.br\/v1\/wp-json\/wp\/v2\/posts\/1421\/revisions\/1424"}],"wp:featuredmedia":[{"embeddable":true,"href":"https:\/\/www.namira.blog.br\/v1\/wp-json\/wp\/v2\/media\/1422"}],"wp:attachment":[{"href":"https:\/\/www.namira.blog.br\/v1\/wp-json\/wp\/v2\/media?parent=1421"}],"wp:term":[{"taxonomy":"category","embeddable":true,"href":"https:\/\/www.namira.blog.br\/v1\/wp-json\/wp\/v2\/categories?post=1421"},{"taxonomy":"post_tag","embeddable":true,"href":"https:\/\/www.namira.blog.br\/v1\/wp-json\/wp\/v2\/tags?post=1421"}],"curies":[{"name":"wp","href":"https:\/\/api.w.org\/{rel}","templated":true}]}}