{"id":1430,"date":"2026-04-30T07:17:08","date_gmt":"2026-04-30T10:17:08","guid":{"rendered":"https:\/\/www.namira.blog.br\/v1\/?p=1430"},"modified":"2026-04-30T07:17:38","modified_gmt":"2026-04-30T10:17:38","slug":"saiba-o-que-vai-funcionar-no-feriadao-do-dia-do-trabalhador","status":"publish","type":"post","link":"https:\/\/www.namira.blog.br\/v1\/2026\/04\/30\/saiba-o-que-vai-funcionar-no-feriadao-do-dia-do-trabalhador\/","title":{"rendered":"Saiba o que vai funcionar no feriad\u00e3o do Dia do Trabalhador"},"content":{"rendered":"<h3><img loading=\"lazy\" class=\"alignnone size-medium wp-image-1431 aligncenter\" src=\"http:\/\/www.namira.blog.br\/v1\/wp-content\/uploads\/2026\/04\/fgts_rio_3_0-3-300x180.jpg\" alt=\"\" width=\"300\" height=\"180\" srcset=\"https:\/\/www.namira.blog.br\/v1\/wp-content\/uploads\/2026\/04\/fgts_rio_3_0-3-300x180.jpg 300w, https:\/\/www.namira.blog.br\/v1\/wp-content\/uploads\/2026\/04\/fgts_rio_3_0-3.jpg 600w\" sizes=\"(max-width: 300px) 100vw, 300px\" \/><\/h3>\n<h3 style=\"text-align: justify;\">Todas as ag\u00eancias do Instituto Nacional do Seguro Social (INSS) estar\u00e3o fechadas nesta sexta-feira (1\u00ba de maio), em raz\u00e3o do <strong>feriado do Dia do Trabalhador<\/strong>. Os atendimentos nas unidades retornar\u00e3o normalmente na segunda-feira (4).<img src=\"https:\/\/agenciabrasil.ebc.com.br\/ebc.png?id=1687685&amp;o=node\" \/><img src=\"https:\/\/agenciabrasil.ebc.com.br\/ebc.gif?id=1687685&amp;o=node\" \/><!--more--><\/h3>\n<h3 style=\"text-align: justify;\">Durante o feriado, a <strong>Central 135<\/strong> realizar\u00e1 apenas atendimentos eletr\u00f4nicos, por telefone. A central retornar\u00e1 com o atendimento\u00a0neste s\u00e1bado (2), das 7 horas \u00e0s 22 horas.<\/h3>\n<h3 style=\"text-align: justify;\"><strong>O\u00a0site\u00a0e aplicativo\u00a0Meu INSS\u00a0seguem em funcionamento 24 horas\u00a0por dia\u00a0durante o feriado<\/strong>. Por meio desses, \u00e9 poss\u00edvel acessar servi\u00e7os e informa\u00e7\u00f5es a qualquer hor\u00e1rio.<\/h3>\n<p>Este canal de contato\u00a0<em>online<\/em>\u00a0com os cidad\u00e3os possibilita<strong> consultas e emiss\u00e3o de extratos, acesso a dados sobre contribui\u00e7\u00f5es previdenci\u00e1rias, lista de empregadores e per\u00edodos trabalhados<\/strong>.<\/p>\n<h3 style=\"text-align: justify;\">Correios<\/h3>\n<h3 style=\"text-align: justify;\">No feriado nacional do Dia do Trabalhador\u00a0n\u00e3o haver\u00e1 atendimento nas <strong>ag\u00eancias dos Correios<\/strong>. No s\u00e1bado (2)\u00a0v\u00e3o funcionar as\u00a0ag\u00eancias que atendem normalmente neste dia da semana. Os Correios comunicam que ainda ser\u00e3o realizadas atividades regulares de entrega de correspond\u00eancias e de encomendas.<\/h3>\n<h3 style=\"text-align: justify;\"><strong>Os endere\u00e7os e hor\u00e1rios de funcionamento das ag\u00eancias em cada munic\u00edpio podem ser consultados no\u00a0site dos Correios.<\/strong><\/h3>\n<h3 style=\"text-align: justify;\">Neste per\u00edodo, a empresa estar\u00e1 dispon\u00edvel por meio do atendimento automatizado da <strong>Atendente Virtual dos Correio<\/strong>s \u2013\u00a0Carol &#8211;\u00a0\u00a0nos seguintes canais:<\/h3>\n<ul style=\"text-align: justify;\">\n<li>\n<h3>site dos Correios, na p\u00e1gina do\u00a0Fale Conosco;<\/h3>\n<\/li>\n<li>\n<h3>telefones: 4003-8210; 0800-881-8210; 0800-881-8211 (atendimento a pessoas com defici\u00eancia auditiva);<\/h3>\n<\/li>\n<li>\n<h3>WhatsApp: (11) 4003-8210;<\/h3>\n<\/li>\n<li>\n<h3>chat, dispon\u00edvel diretamente no portal e no Super App.<\/h3>\n<\/li>\n<\/ul>\n<h3 style=\"text-align: justify;\">Bancos<\/h3>\n<h3 style=\"text-align: justify;\">A Federa\u00e7\u00e3o Brasileira de Bancos (Febraban), entidade representativa dos bancos brasileiros, informou que as <strong>ag\u00eancias banc\u00e1rias estar\u00e3o fechadas no feriado do Dia do Trabalho<\/strong>.<\/h3>\n<h3 style=\"text-align: justify;\">No entanto, as \u00e1reas de autoatendimento nas ag\u00eancias, assim como os canais digitais dos bancos (celulares e computadores) estar\u00e3o dispon\u00edveis, para a realiza\u00e7\u00e3o de <strong>transfer\u00eancias e pagamento de contas<\/strong>, e demais servi\u00e7os.<\/h3>\n<h3 style=\"text-align: justify;\">Os<strong> boletos de cobran\u00e7a e contas de consumo<\/strong> (\u00e1gua, energia, telefone, entre outros) com vencimento no feriado (1\u00ba) poder\u00e3o ser pagos, sem acr\u00e9scimo, no pr\u00f3ximo dia \u00fatil, nas localidades onde n\u00e3o h\u00e1 feriado ou ponto facultativo.<\/h3>\n<h3 style=\"text-align: justify;\">A institui\u00e7\u00e3o esclarece que os s\u00e1bados n\u00e3o s\u00e3o considerados dias \u00fateis e, por essa raz\u00e3o, n\u00e3o h\u00e1 liquida\u00e7\u00e3o financeira.<\/h3>\n<h3 style=\"text-align: justify;\">Os clientes cadastrados como sacados eletr\u00f4nicos podem pagar seus boletos banc\u00e1rios via <strong>D\u00e9bito Direto Autorizado (DDA)<\/strong>.<\/h3>\n<h3 style=\"text-align: justify;\">No caso do <strong>pagamento de tributos e impostos<\/strong>, caso ven\u00e7am nos dias em que n\u00e3o h\u00e1 compensa\u00e7\u00e3o banc\u00e1ria, a Febraban alerta que \u00e9 necess\u00e1rio que o pagamento seja <strong>antecipado<\/strong>, para evitar a incid\u00eancia de juros e multa.<\/h3>\n<h3 style=\"text-align: justify;\">Seguran\u00e7a<\/h3>\n<h3 style=\"text-align: justify;\">Os efetivos da Pol\u00edcia Militar e do Corpo de Bombeiros dos munic\u00edpios funcionam em regime de <strong>plant\u00e3o 24 horas<\/strong>, por meios dos <strong>telefones 190 e 193<\/strong>, respectivamente. Os bombeiros t\u00eam foco em traumas e resgates f\u00edsicos, como acidentes de tr\u00e2nsito, pessoas presas em ferragens, inc\u00eandios, soterramentos, salvamentos aqu\u00e1ticos.<\/h3>\n<h3 style=\"text-align: justify;\">As delegacias da Pol\u00edcia Civil nos munic\u00edpios atendem em <strong>regime de plant\u00e3o<\/strong>.<\/h3>\n<h3 style=\"text-align: justify;\">Algumas localidades possuem o servi\u00e7o das delegacias digitais\u00a0para registrar ocorr\u00eancias policiais\u00a0<em>online<\/em>, sem necessidade do internauta se deslocar at\u00e9 uma delegacia f\u00edsica.<\/h3>\n<h3 style=\"text-align: justify;\">S\u00e3o exemplos de registros: estelionato e fraudes (inclusive golpes digitais); extravio ou perda de documentos e objetos; acidentes de tr\u00e2nsito sem v\u00edtimas; e den\u00fancias <em>online<\/em>\u00a0de viol\u00eancia dom\u00e9stica relacionadas \u00e0 Lei Maria da Penha<\/h3>\n<h3 style=\"text-align: justify;\">Hospitais<\/h3>\n<h3 style=\"text-align: justify;\">Os hospitais regionais e as unidades de pronto atendimento (UPAs) funcionar\u00e3o normalmente em<strong> regime de 24 horas<\/strong> no recesso prolongado.<\/h3>\n<h3 style=\"text-align: justify;\">Tamb\u00e9m funciona o\u00a0Servi\u00e7o de Atendimento M\u00f3vel de Urg\u00eancia (Samu), que oferta atendimento ininterrupto pelo<strong> telefone 192<\/strong>.<\/h3>\n<h3 style=\"text-align: justify;\"><strong>O servi\u00e7o deve ser acionado em situa\u00e7\u00f5es de urg\u00eancia e emerg\u00eancia, como:<\/strong><\/h3>\n<ul style=\"text-align: justify;\">\n<li>\n<h3>problemas cardiorrespirat\u00f3rios (infarto, dor no peito, falta de ar grave);<\/h3>\n<\/li>\n<li>\n<h3>intoxica\u00e7\u00f5es ou queimaduras graves;<\/h3>\n<\/li>\n<li>\n<h3>acidentes de tr\u00e2nsito com v\u00edtimas;<\/h3>\n<\/li>\n<li>\n<h3>casos de traumas ou fraturas;<\/h3>\n<\/li>\n<li>\n<h3>crises convulsivas;<\/h3>\n<\/li>\n<li>\n<h3>trabalho de parto em que haja risco para a m\u00e3e ou para o beb\u00ea;<\/h3>\n<\/li>\n<li>\n<h3>tentativas de suic\u00eddio ou crises psiqui\u00e1tricas graves.<\/h3>\n<\/li>\n<\/ul>\n<h3 style=\"text-align: justify;\">Lazer e com\u00e9rcio<\/h3>\n<h3 style=\"text-align: justify;\">As pra\u00e7as de alimenta\u00e7\u00e3o de shoppings, que costumam abrir na hora de almo\u00e7o (geralmente das 12h \u00e0s 22h), podem ter <strong>hor\u00e1rios reduzidos ou abertura facultativa<\/strong>, dependendo de acordos com os sindicatos locais.<\/h3>\n<h3 style=\"text-align: justify;\">Sobre os supermercados, a maioria abre normalmente, j\u00e1 que s\u00e3o considerados servi\u00e7os essenciais, mas podem fechar um pouco mais cedo. <strong>\u00c9 importante que o cidad\u00e3o busque informa\u00e7\u00f5es diretamente em cada unidade.<\/strong><\/h3>\n","protected":false},"excerpt":{"rendered":"<p>Todas as ag\u00eancias do Instituto Nacional do Seguro Social (INSS) estar\u00e3o fechadas nesta sexta-feira (1\u00ba de maio), em raz\u00e3o do feriado do Dia do Trabalhador. Os atendimentos nas unidades retornar\u00e3o normalmente na segunda-feira (4).<\/p>\n","protected":false},"author":3,"featured_media":1431,"comment_status":"closed","ping_status":"closed","sticky":false,"template":"","format":"standard","meta":{"_links_to":"","_links_to_target":""},"categories":[9,2,3],"tags":[],"_links":{"self":[{"href":"https:\/\/www.namira.blog.br\/v1\/wp-json\/wp\/v2\/posts\/1430"}],"collection":[{"href":"https:\/\/www.namira.blog.br\/v1\/wp-json\/wp\/v2\/posts"}],"about":[{"href":"https:\/\/www.namira.blog.br\/v1\/wp-json\/wp\/v2\/types\/post"}],"author":[{"embeddable":true,"href":"https:\/\/www.namira.blog.br\/v1\/wp-json\/wp\/v2\/users\/3"}],"replies":[{"embeddable":true,"href":"https:\/\/www.namira.blog.br\/v1\/wp-json\/wp\/v2\/comments?post=1430"}],"version-history":[{"count":1,"href":"https:\/\/www.namira.blog.br\/v1\/wp-json\/wp\/v2\/posts\/1430\/revisions"}],"predecessor-version":[{"id":1432,"href":"https:\/\/www.namira.blog.br\/v1\/wp-json\/wp\/v2\/posts\/1430\/revisions\/1432"}],"wp:featuredmedia":[{"embeddable":true,"href":"https:\/\/www.namira.blog.br\/v1\/wp-json\/wp\/v2\/media\/1431"}],"wp:attachment":[{"href":"https:\/\/www.namira.blog.br\/v1\/wp-json\/wp\/v2\/media?parent=1430"}],"wp:term":[{"taxonomy":"category","embeddable":true,"href":"https:\/\/www.namira.blog.br\/v1\/wp-json\/wp\/v2\/categories?post=1430"},{"taxonomy":"post_tag","embeddable":true,"href":"https:\/\/www.namira.blog.br\/v1\/wp-json\/wp\/v2\/tags?post=1430"}],"curies":[{"name":"wp","href":"https:\/\/api.w.org\/{rel}","templated":true}]}}