{"id":1437,"date":"2026-04-30T07:26:28","date_gmt":"2026-04-30T10:26:28","guid":{"rendered":"https:\/\/www.namira.blog.br\/v1\/?p=1437"},"modified":"2026-04-30T07:26:28","modified_gmt":"2026-04-30T10:26:28","slug":"prefeitura-de-itabuna-recebe-pulverizadores-costais-do-ministerio-da-saude-para-intensificar-combate-ao-aedes","status":"publish","type":"post","link":"https:\/\/www.namira.blog.br\/v1\/2026\/04\/30\/prefeitura-de-itabuna-recebe-pulverizadores-costais-do-ministerio-da-saude-para-intensificar-combate-ao-aedes\/","title":{"rendered":"Prefeitura de Itabuna recebe pulverizadores costais do Minist\u00e9rio da Sa\u00fade para intensificar combate ao Aedes"},"content":{"rendered":"<h3><img loading=\"lazy\" class=\"alignnone size-medium wp-image-1438 aligncenter\" src=\"http:\/\/www.namira.blog.br\/v1\/wp-content\/uploads\/2026\/04\/d8735dd1-77e6-42ea-b569-60916c644bd6-1024x768-1-300x225.jpeg\" alt=\"\" width=\"300\" height=\"225\" srcset=\"https:\/\/www.namira.blog.br\/v1\/wp-content\/uploads\/2026\/04\/d8735dd1-77e6-42ea-b569-60916c644bd6-1024x768-1-300x225.jpeg 300w, https:\/\/www.namira.blog.br\/v1\/wp-content\/uploads\/2026\/04\/d8735dd1-77e6-42ea-b569-60916c644bd6-1024x768-1-400x300.jpeg 400w, https:\/\/www.namira.blog.br\/v1\/wp-content\/uploads\/2026\/04\/d8735dd1-77e6-42ea-b569-60916c644bd6-1024x768-1.jpeg 600w\" sizes=\"(max-width: 300px) 100vw, 300px\" \/><\/h3>\n<h3 style=\"text-align: justify;\">A Prefeitura de Itabuna, por meio da Divis\u00e3o de Combate \u00e0s Endemias do Departamento de Vigil\u00e2ncia em Sa\u00fade da Secretaria Municipal de Sa\u00fade, recebeu seis novos pulverizadores costais do Minist\u00e9rio da Sa\u00fade que v\u00e3o fortalecer as a\u00e7\u00f5es de combate \u00e0s arboviroses no munic\u00edpio.<\/h3>\n<p><!--more--><\/p>\n<h3 style=\"text-align: justify;\">De acordo com a secret\u00e1ria de Sa\u00fade, L\u00edvia Mendes, os equipamentos foram adquiridos por meio de incentivo do Minist\u00e9rio da Sa\u00fade, representando um importante refor\u00e7o para a prote\u00e7\u00e3o da popula\u00e7\u00e3o no combate ao Aedes aegypti. Os equipamentos ser\u00e3o utilizados no enfrentamento ao mosquito transmissor de doen\u00e7as como dengue, zika e chikungunya, ampliando a capacidade de atua\u00e7\u00e3o das equipes da Vigil\u00e2ncia Epidemiol\u00f3gica.<\/h3>\n<h3 style=\"text-align: justify;\">A coordenadora de Combate \u00e0s Endemias, Lucimar Ribeiro, ressalta que esta iniciativa contribui para intensificar as a\u00e7\u00f5es preventivas e de controle do principal vetor das arboviroses, garantindo mais efici\u00eancia no combate aos focos do mosquito em toda a cidade.<br \/>\n\u201cA chegada destes novos equipamentos representa um avan\u00e7o significativo para a sa\u00fade p\u00fablica em Itabuna, reafirmando o compromisso da gest\u00e3o do prefeito Augusto Castro (PSD) com o bem-estar da popula\u00e7\u00e3o\u201d, disse.<\/h3>\n","protected":false},"excerpt":{"rendered":"<p>A Prefeitura de Itabuna, por meio da Divis\u00e3o de Combate \u00e0s Endemias do Departamento de Vigil\u00e2ncia em Sa\u00fade da Secretaria Municipal de Sa\u00fade, recebeu seis novos pulverizadores costais do Minist\u00e9rio da Sa\u00fade que v\u00e3o fortalecer as a\u00e7\u00f5es de combate \u00e0s arboviroses no munic\u00edpio.<\/p>\n","protected":false},"author":3,"featured_media":1439,"comment_status":"closed","ping_status":"closed","sticky":false,"template":"","format":"standard","meta":{"_links_to":"","_links_to_target":""},"categories":[11,4,35],"tags":[],"_links":{"self":[{"href":"https:\/\/www.namira.blog.br\/v1\/wp-json\/wp\/v2\/posts\/1437"}],"collection":[{"href":"https:\/\/www.namira.blog.br\/v1\/wp-json\/wp\/v2\/posts"}],"about":[{"href":"https:\/\/www.namira.blog.br\/v1\/wp-json\/wp\/v2\/types\/post"}],"author":[{"embeddable":true,"href":"https:\/\/www.namira.blog.br\/v1\/wp-json\/wp\/v2\/users\/3"}],"replies":[{"embeddable":true,"href":"https:\/\/www.namira.blog.br\/v1\/wp-json\/wp\/v2\/comments?post=1437"}],"version-history":[{"count":1,"href":"https:\/\/www.namira.blog.br\/v1\/wp-json\/wp\/v2\/posts\/1437\/revisions"}],"predecessor-version":[{"id":1440,"href":"https:\/\/www.namira.blog.br\/v1\/wp-json\/wp\/v2\/posts\/1437\/revisions\/1440"}],"wp:featuredmedia":[{"embeddable":true,"href":"https:\/\/www.namira.blog.br\/v1\/wp-json\/wp\/v2\/media\/1439"}],"wp:attachment":[{"href":"https:\/\/www.namira.blog.br\/v1\/wp-json\/wp\/v2\/media?parent=1437"}],"wp:term":[{"taxonomy":"category","embeddable":true,"href":"https:\/\/www.namira.blog.br\/v1\/wp-json\/wp\/v2\/categories?post=1437"},{"taxonomy":"post_tag","embeddable":true,"href":"https:\/\/www.namira.blog.br\/v1\/wp-json\/wp\/v2\/tags?post=1437"}],"curies":[{"name":"wp","href":"https:\/\/api.w.org\/{rel}","templated":true}]}}