{"id":1442,"date":"2026-05-01T20:52:28","date_gmt":"2026-05-01T23:52:28","guid":{"rendered":"https:\/\/www.namira.blog.br\/v1\/?p=1442"},"modified":"2026-05-01T20:52:28","modified_gmt":"2026-05-01T23:52:28","slug":"nova-luz-no-semaforo-pode-mudar-o-transito-veja-como-funciona","status":"publish","type":"post","link":"https:\/\/www.namira.blog.br\/v1\/2026\/05\/01\/nova-luz-no-semaforo-pode-mudar-o-transito-veja-como-funciona\/","title":{"rendered":"Nova luz no sem\u00e1foro pode mudar o tr\u00e2nsito; veja como funciona"},"content":{"rendered":"<h3><\/h3>\n<h3><img loading=\"lazy\" class=\" wp-image-1443 aligncenter\" src=\"http:\/\/www.namira.blog.br\/v1\/wp-content\/uploads\/2026\/05\/20240913-semaforo_branco-300x171.jpg\" alt=\"\" width=\"377\" height=\"215\" srcset=\"https:\/\/www.namira.blog.br\/v1\/wp-content\/uploads\/2026\/05\/20240913-semaforo_branco-300x171.jpg 300w, https:\/\/www.namira.blog.br\/v1\/wp-content\/uploads\/2026\/05\/20240913-semaforo_branco.jpg 600w\" sizes=\"(max-width: 377px) 100vw, 377px\" \/><\/h3>\n<h3 style=\"text-align: justify;\">Uma nova proposta pode transformar a forma como o tr\u00e2nsito funciona nas cidades \u2014 e n\u00e3o envolve apenas carros, mas tamb\u00e9m tecnologia avan\u00e7ada. Estudos v\u00eam analisando a inclus\u00e3o de uma luz branca nos sem\u00e1foros, criando um quarto sinal al\u00e9m do tradicional vermelho, amarelo e verde.<!--more--><\/h3>\n<h3 style=\"text-align: justify;\">A ideia, que surgiu em pesquisas acad\u00eamicas nos Estados Unidos e j\u00e1 \u00e9 discutida na Europa, especialmente na It\u00e1lia, busca integrar carros aut\u00f4nomos, ve\u00edculos conectados e motoristas comuns em um mesmo sistema inteligente.<\/h3>\n<p>Tudo sobre <strong>Mundo<\/strong> em primeira m\u00e3o!<\/p>\n<h3 style=\"text-align: justify;\">O que significa a luz branca no sem\u00e1foro<\/h3>\n<h3 style=\"text-align: justify;\">O novo modelo prev\u00ea um quarto foco luminoso: a luz branca.<\/h3>\n<h3 style=\"text-align: justify;\">Ela seria acionada quando houver uma quantidade relevante de ve\u00edculos aut\u00f4nomos em um cruzamento. Nesse momento, o controle do fluxo deixa de ser apenas do sem\u00e1foro tradicional e passa a ser coordenado por sistemas de intelig\u00eancia artificial.<\/h3>\n<h3 style=\"text-align: justify;\">Na pr\u00e1tica, decis\u00f5es como parar, acelerar ou avan\u00e7ar passam a ser organizadas por uma plataforma digital que utiliza dados dos ve\u00edculos conectados.<\/h3>\n<h3 style=\"text-align: justify;\">Para quem dirige carros convencionais, a orienta\u00e7\u00e3o \u00e9 simples: seguir o comportamento do ve\u00edculo \u00e0 frente, reduzindo decis\u00f5es individuais bruscas.<\/h3>\n<h3 style=\"text-align: justify;\"><\/h3>\n<h3 style=\"text-align: justify;\">Como isso pode mudar o tr\u00e2nsito<\/h3>\n<h3 style=\"text-align: justify;\">A proposta n\u00e3o \u00e9 apenas tecnol\u00f3gica \u2014 ela tamb\u00e9m mira diretamente problemas do dia a dia.<\/h3>\n<h3 style=\"text-align: justify;\">Pesquisas indicam que a chamada \u201cfase branca\u201d pode diminuir congestionamentos em cruzamentos movimentados e reduzir o n\u00famero de paradas completas no tr\u00e2nsito.<\/h3>\n<h3 style=\"text-align: justify;\">Com menos frenagens e arrancadas, o fluxo tende a ficar mais cont\u00ednuo, o tempo de deslocamento pode cair e o consumo de combust\u00edvel se torna mais eficiente.<\/h3>\n<h3 style=\"text-align: justify;\">Impacto ambiental entra na conta<\/h3>\n<h3 style=\"text-align: justify;\">Al\u00e9m da fluidez, a proposta tamb\u00e9m conversa com metas ambientais.<\/h3>\n<h3 style=\"text-align: justify;\">A redu\u00e7\u00e3o de acelera\u00e7\u00f5es e freadas constantes pode diminuir o consumo de energia e a emiss\u00e3o de gases poluentes, especialmente em \u00e1reas urbanas mais congestionadas.<\/h3>\n<h3 style=\"text-align: justify;\">O sistema ainda teria capacidade de reagir em tempo real a mudan\u00e7as no tr\u00e2nsito, como aumento de fluxo ou bloqueios em vias pr\u00f3ximas.<\/h3>\n<h3 style=\"text-align: justify;\">O que dizem os testes<\/h3>\n<h3 style=\"text-align: justify;\">Apesar de chamar aten\u00e7\u00e3o, a tecnologia ainda n\u00e3o chegou \u00e0s ruas de forma ampla.<\/h3>\n<h3 style=\"text-align: justify;\">O modelo segue em fase de estudos, simula\u00e7\u00f5es e testes controlados. Em cidades como Roma, o conceito j\u00e1 foi analisado, mas ainda n\u00e3o h\u00e1 libera\u00e7\u00e3o para uso em larga escala.<\/h3>\n<h3 style=\"text-align: justify;\">Isso indica que o avan\u00e7o depende n\u00e3o s\u00f3 da tecnologia, mas tamb\u00e9m de ajustes em leis de tr\u00e2nsito, cria\u00e7\u00e3o de padr\u00f5es e campanhas para orientar motoristas.<\/h3>\n<h3 style=\"text-align: justify;\">Os principais ganhos apontados<\/h3>\n<h3 style=\"text-align: justify;\">Estudos destacam alguns benef\u00edcios diretos com a ado\u00e7\u00e3o do sinal branco:<\/h3>\n<ul>\n<li style=\"text-align: justify;\">\n<h3>menos paradas bruscas e tempo de espera reduzido<\/h3>\n<\/li>\n<li style=\"text-align: justify;\">\n<h3>tr\u00e1fego mais est\u00e1vel entre diferentes faixas<\/h3>\n<\/li>\n<li style=\"text-align: justify;\">\n<h3>menor emiss\u00e3o de poluentes<\/h3>\n<\/li>\n<li>\n<h3 style=\"text-align: justify;\">integra\u00e7\u00e3o com ve\u00edculos conectados e uso de dados em tempo real<\/h3>\n<\/li>\n<\/ul>\n","protected":false},"excerpt":{"rendered":"<p>Uma nova proposta pode transformar a forma como o tr\u00e2nsito funciona nas cidades \u2014 e n\u00e3o envolve apenas carros, mas tamb\u00e9m tecnologia avan\u00e7ada. Estudos v\u00eam analisando a inclus\u00e3o de uma luz branca nos sem\u00e1foros, criando um quarto sinal al\u00e9m do tradicional vermelho, amarelo e verde.<\/p>\n","protected":false},"author":3,"featured_media":1443,"comment_status":"closed","ping_status":"closed","sticky":false,"template":"","format":"standard","meta":{"_links_to":"","_links_to_target":""},"categories":[9,2],"tags":[],"_links":{"self":[{"href":"https:\/\/www.namira.blog.br\/v1\/wp-json\/wp\/v2\/posts\/1442"}],"collection":[{"href":"https:\/\/www.namira.blog.br\/v1\/wp-json\/wp\/v2\/posts"}],"about":[{"href":"https:\/\/www.namira.blog.br\/v1\/wp-json\/wp\/v2\/types\/post"}],"author":[{"embeddable":true,"href":"https:\/\/www.namira.blog.br\/v1\/wp-json\/wp\/v2\/users\/3"}],"replies":[{"embeddable":true,"href":"https:\/\/www.namira.blog.br\/v1\/wp-json\/wp\/v2\/comments?post=1442"}],"version-history":[{"count":1,"href":"https:\/\/www.namira.blog.br\/v1\/wp-json\/wp\/v2\/posts\/1442\/revisions"}],"predecessor-version":[{"id":1444,"href":"https:\/\/www.namira.blog.br\/v1\/wp-json\/wp\/v2\/posts\/1442\/revisions\/1444"}],"wp:featuredmedia":[{"embeddable":true,"href":"https:\/\/www.namira.blog.br\/v1\/wp-json\/wp\/v2\/media\/1443"}],"wp:attachment":[{"href":"https:\/\/www.namira.blog.br\/v1\/wp-json\/wp\/v2\/media?parent=1442"}],"wp:term":[{"taxonomy":"category","embeddable":true,"href":"https:\/\/www.namira.blog.br\/v1\/wp-json\/wp\/v2\/categories?post=1442"},{"taxonomy":"post_tag","embeddable":true,"href":"https:\/\/www.namira.blog.br\/v1\/wp-json\/wp\/v2\/tags?post=1442"}],"curies":[{"name":"wp","href":"https:\/\/api.w.org\/{rel}","templated":true}]}}