{"id":1445,"date":"2026-05-01T20:59:10","date_gmt":"2026-05-01T23:59:10","guid":{"rendered":"https:\/\/www.namira.blog.br\/v1\/?p=1445"},"modified":"2026-05-01T20:59:10","modified_gmt":"2026-05-01T23:59:10","slug":"crianca-morre-e-tia-e-baleada-apos-confronto-no-engenho-velho-da-federacao","status":"publish","type":"post","link":"https:\/\/www.namira.blog.br\/v1\/2026\/05\/01\/crianca-morre-e-tia-e-baleada-apos-confronto-no-engenho-velho-da-federacao\/","title":{"rendered":"Crian\u00e7a morre e tia \u00e9 baleada ap\u00f3s confronto no Engenho Velho da Federa\u00e7\u00e3o"},"content":{"rendered":"<h3><img loading=\"lazy\" class=\"alignnone size-medium wp-image-1446 aligncenter\" src=\"http:\/\/www.namira.blog.br\/v1\/wp-content\/uploads\/2026\/05\/foto-no-tamanho-home-2026-05-01t-300x188.jpg\" alt=\"\" width=\"300\" height=\"188\" srcset=\"https:\/\/www.namira.blog.br\/v1\/wp-content\/uploads\/2026\/05\/foto-no-tamanho-home-2026-05-01t-300x188.jpg 300w, https:\/\/www.namira.blog.br\/v1\/wp-content\/uploads\/2026\/05\/foto-no-tamanho-home-2026-05-01t.jpg 600w\" sizes=\"(max-width: 300px) 100vw, 300px\" \/><\/h3>\n<h3 style=\"text-align: justify;\">Uma crian\u00e7a de 11 anos morreu e uma mulher ficou ferida ap\u00f3s serem atingidas por disparos de arma de fogo durante um confronto no Engenho Velho da Federa\u00e7\u00e3o, em Salvador, na madrugada desta sexta-feira (1\u00ba). Na mesma ocasi\u00e3o, um suspeito tamb\u00e9m morreu.<!--more--><\/h3>\n<h3 style=\"text-align: justify;\">De acordo com informa\u00e7\u00f5es preliminares, as v\u00edtimas foram atingidas enquanto estavam no interior da resid\u00eancia, quando o local foi invadido por homens armados. Na ocasi\u00e3o, um confronto foi iniciado.<\/h3>\n<h3 style=\"text-align: justify;\">A crian\u00e7a de 11 anos teria sido atingida na m\u00e3o esquerda e no t\u00f3rax, e sua tia, no bra\u00e7o. As duas foram encaminhadas ao Hospital Geral do Estado (HGE), mas a crian\u00e7a n\u00e3o resistiu aos ferimentos e morreu na unidade de sa\u00fade. A tia segue internada.<\/h3>\n<h3 style=\"text-align: justify;\">Fonte: aratuon<\/h3>\n","protected":false},"excerpt":{"rendered":"<p>Uma crian\u00e7a de 11 anos morreu e uma mulher ficou ferida ap\u00f3s serem atingidas por disparos de arma de fogo durante um confronto no Engenho Velho da Federa\u00e7\u00e3o, em Salvador, na madrugada desta sexta-feira (1\u00ba). Na mesma ocasi\u00e3o, um suspeito tamb\u00e9m morreu.<\/p>\n","protected":false},"author":3,"featured_media":1446,"comment_status":"closed","ping_status":"closed","sticky":false,"template":"","format":"standard","meta":{"_links_to":"","_links_to_target":""},"categories":[11,3,8],"tags":[],"_links":{"self":[{"href":"https:\/\/www.namira.blog.br\/v1\/wp-json\/wp\/v2\/posts\/1445"}],"collection":[{"href":"https:\/\/www.namira.blog.br\/v1\/wp-json\/wp\/v2\/posts"}],"about":[{"href":"https:\/\/www.namira.blog.br\/v1\/wp-json\/wp\/v2\/types\/post"}],"author":[{"embeddable":true,"href":"https:\/\/www.namira.blog.br\/v1\/wp-json\/wp\/v2\/users\/3"}],"replies":[{"embeddable":true,"href":"https:\/\/www.namira.blog.br\/v1\/wp-json\/wp\/v2\/comments?post=1445"}],"version-history":[{"count":1,"href":"https:\/\/www.namira.blog.br\/v1\/wp-json\/wp\/v2\/posts\/1445\/revisions"}],"predecessor-version":[{"id":1448,"href":"https:\/\/www.namira.blog.br\/v1\/wp-json\/wp\/v2\/posts\/1445\/revisions\/1448"}],"wp:featuredmedia":[{"embeddable":true,"href":"https:\/\/www.namira.blog.br\/v1\/wp-json\/wp\/v2\/media\/1446"}],"wp:attachment":[{"href":"https:\/\/www.namira.blog.br\/v1\/wp-json\/wp\/v2\/media?parent=1445"}],"wp:term":[{"taxonomy":"category","embeddable":true,"href":"https:\/\/www.namira.blog.br\/v1\/wp-json\/wp\/v2\/categories?post=1445"},{"taxonomy":"post_tag","embeddable":true,"href":"https:\/\/www.namira.blog.br\/v1\/wp-json\/wp\/v2\/tags?post=1445"}],"curies":[{"name":"wp","href":"https:\/\/api.w.org\/{rel}","templated":true}]}}