{"id":1452,"date":"2026-05-01T21:07:37","date_gmt":"2026-05-02T00:07:37","guid":{"rendered":"https:\/\/www.namira.blog.br\/v1\/?p=1452"},"modified":"2026-05-01T21:07:37","modified_gmt":"2026-05-02T00:07:37","slug":"fortes-chuvas-deixam-quatro-mortos-em-pernambuco-segundo-defesa-civil","status":"publish","type":"post","link":"https:\/\/www.namira.blog.br\/v1\/2026\/05\/01\/fortes-chuvas-deixam-quatro-mortos-em-pernambuco-segundo-defesa-civil\/","title":{"rendered":"Fortes chuvas deixam quatro mortos em Pernambuco, segundo Defesa Civil"},"content":{"rendered":"<h3 data-mrf-recirculation=\"Links internos\"><img loading=\"lazy\" class=\"alignnone  wp-image-1453 aligncenter\" src=\"http:\/\/www.namira.blog.br\/v1\/wp-content\/uploads\/2026\/05\/Fortes-chuvas-no-Recife-300x169.jpg\" alt=\"\" width=\"357\" height=\"201\" srcset=\"https:\/\/www.namira.blog.br\/v1\/wp-content\/uploads\/2026\/05\/Fortes-chuvas-no-Recife-300x169.jpg 300w, https:\/\/www.namira.blog.br\/v1\/wp-content\/uploads\/2026\/05\/Fortes-chuvas-no-Recife.jpg 600w\" sizes=\"(max-width: 357px) 100vw, 357px\" \/><\/h3>\n<h3 style=\"text-align: justify;\" data-mrf-recirculation=\"Links internos\">Quatro pessoas morreram no Recife e em Olinda, em meio \u00e0s <strong>fortes chuvas que atingem a regi\u00e3o metropolitana da capital pernambucana e a Mata Norte do estado<\/strong> desde a noite desta quinta, 30. O temporal se intensificou na madrugada desta sexta-feira, 1\u00ba, e afetou 403 pessoas, segundo a Defesa Civil. Al\u00e9m disso, h\u00e1 registros de deslizamentos de terra, desabamentos de resid\u00eancias e quedas de \u00e1rvores.<\/h3>\n<p><!--more--><\/p>\n<h3 style=\"text-align: justify;\" data-mrf-recirculation=\"Links internos\">Ao menos 131 fam\u00edlias foram afetadas. Dessas, 32 est\u00e3o desalojadas e 93, desabrigadas. De acordo com o boletim mais recente, divulgado ao meio-dia, outros sete munic\u00edpios est\u00e3o em estado de alerta, com ac\u00famulos expressivos de chuva nas \u00faltimas 24 horas. S\u00e3o eles: Goiana, Abreu e Lima, Paulista, Igarassu, Condado, Itaquitinga e Itamb\u00e9.<\/h3>\n<h3 style=\"text-align: justify;\" data-mrf-recirculation=\"Links internos\">As autoridades falam em mais de 200 mil\u00edmetros de chuva em apenas 12 horas, o que elevou o n\u00edvel do rio Capibaribe, principal afluente da regi\u00e3o.<\/h3>\n<h3 style=\"text-align: justify;\" data-mrf-recirculation=\"Links internos\">O presidente Luiz In\u00e1cio Lula da Silva (PT) publicou nas redes sociais que j\u00e1 mobilizou os \u00f3rg\u00e3os federais para darem suporte aos pernambucanos. \u201cDeterminei imediatamente o pronto apoio federal \u00e0s autoridades locais. O ministro da Integra\u00e7\u00e3o Regional, Waldez G\u00f3es, acionou a Defesa Civil Nacional para prestar todo suporte \u00e0s cidades atingidas, inclusive com o reconhecimento da situa\u00e7\u00e3o de emerg\u00eancia e o deslocamento de t\u00e9cnicos para a \u00e1rea. O ministro da Sa\u00fade, Alexandre Padilha, tamb\u00e9m mobilizou a For\u00e7a Nacional do SUS no atendimento \u00e0s v\u00edtimas\u201d, escreveu ele no X.<\/h3>\n<blockquote data-width=\"500\" data-dnt=\"true\">\n<p dir=\"ltr\" lang=\"pt\" data-mrf-recirculation=\"Links internos\">Conversei hoje pela manh\u00e3 por telefone com o ex-prefeito Jo\u00e3o Campos e o senador Humberto Costa sobre as fortes chuvas que caem no Grande Recife e em outras regi\u00f5es de Pernambuco. Determinei imediatamente o pronto apoio federal \u00e0s autoridades locais. O ministro da Integra\u00e7\u00e3o\u2026<\/p>\n<p data-mrf-recirculation=\"Links internos\">\u2014 Lula (@LulaOficial) May 1, 2026<\/p>\n<\/blockquote>\n<h3 style=\"text-align: justify;\">Para\u00edba tamb\u00e9m em risco<\/h3>\n<h3 style=\"text-align: justify;\" data-mrf-recirculation=\"Links internos\">O estado registrou chuvas intensas e h\u00e1 um alerta laranja em parte do estado, com destaque para Jo\u00e3o Pessoa, Cabedelo, Santa Rita, Bayeux, Conde, Mamanguape, Guarabira, Sap\u00e9, Rio Tinto, Alhandra, Areia e Bananeiras. A previs\u00e3o \u00e9 de ventos intensos, risco de alagamentos, queda de \u00e1rvores e interrup\u00e7\u00f5es de energia.<\/h3>\n","protected":false},"excerpt":{"rendered":"<p>Quatro pessoas morreram no Recife e em Olinda, em meio \u00e0s fortes chuvas que atingem a regi\u00e3o metropolitana da capital pernambucana e a Mata Norte do estado desde a noite desta quinta, 30. O temporal se intensificou na madrugada desta sexta-feira, 1\u00ba, e afetou 403 pessoas, segundo a Defesa Civil. Al\u00e9m disso, h\u00e1 registros de [&hellip;]<\/p>\n","protected":false},"author":3,"featured_media":1453,"comment_status":"closed","ping_status":"closed","sticky":false,"template":"","format":"standard","meta":{"_links_to":"","_links_to_target":""},"categories":[9,5],"tags":[],"_links":{"self":[{"href":"https:\/\/www.namira.blog.br\/v1\/wp-json\/wp\/v2\/posts\/1452"}],"collection":[{"href":"https:\/\/www.namira.blog.br\/v1\/wp-json\/wp\/v2\/posts"}],"about":[{"href":"https:\/\/www.namira.blog.br\/v1\/wp-json\/wp\/v2\/types\/post"}],"author":[{"embeddable":true,"href":"https:\/\/www.namira.blog.br\/v1\/wp-json\/wp\/v2\/users\/3"}],"replies":[{"embeddable":true,"href":"https:\/\/www.namira.blog.br\/v1\/wp-json\/wp\/v2\/comments?post=1452"}],"version-history":[{"count":1,"href":"https:\/\/www.namira.blog.br\/v1\/wp-json\/wp\/v2\/posts\/1452\/revisions"}],"predecessor-version":[{"id":1454,"href":"https:\/\/www.namira.blog.br\/v1\/wp-json\/wp\/v2\/posts\/1452\/revisions\/1454"}],"wp:featuredmedia":[{"embeddable":true,"href":"https:\/\/www.namira.blog.br\/v1\/wp-json\/wp\/v2\/media\/1453"}],"wp:attachment":[{"href":"https:\/\/www.namira.blog.br\/v1\/wp-json\/wp\/v2\/media?parent=1452"}],"wp:term":[{"taxonomy":"category","embeddable":true,"href":"https:\/\/www.namira.blog.br\/v1\/wp-json\/wp\/v2\/categories?post=1452"},{"taxonomy":"post_tag","embeddable":true,"href":"https:\/\/www.namira.blog.br\/v1\/wp-json\/wp\/v2\/tags?post=1452"}],"curies":[{"name":"wp","href":"https:\/\/api.w.org\/{rel}","templated":true}]}}