{"id":1458,"date":"2026-05-01T21:18:21","date_gmt":"2026-05-02T00:18:21","guid":{"rendered":"https:\/\/www.namira.blog.br\/v1\/?p=1458"},"modified":"2026-05-01T21:18:21","modified_gmt":"2026-05-02T00:18:21","slug":"dia-do-trabalho-no-mundo-tem-protestos-contra-trump-e-confrontos-na-turquia-no-chile-e-na-franca","status":"publish","type":"post","link":"https:\/\/www.namira.blog.br\/v1\/2026\/05\/01\/dia-do-trabalho-no-mundo-tem-protestos-contra-trump-e-confrontos-na-turquia-no-chile-e-na-franca\/","title":{"rendered":"Dia do Trabalho no mundo tem protestos contra Trump e confrontos na Turquia, no Chile e na Fran\u00e7a"},"content":{"rendered":"<h3><\/h3>\n<h3><img loading=\"lazy\" class=\"alignnone size-medium wp-image-1459 aligncenter\" src=\"http:\/\/www.namira.blog.br\/v1\/wp-content\/uploads\/2026\/05\/mundo-protestos-1_de_maio-turquia-1777665856-300x193.jpg\" alt=\"\" width=\"300\" height=\"193\" srcset=\"https:\/\/www.namira.blog.br\/v1\/wp-content\/uploads\/2026\/05\/mundo-protestos-1_de_maio-turquia-1777665856-300x193.jpg 300w, https:\/\/www.namira.blog.br\/v1\/wp-content\/uploads\/2026\/05\/mundo-protestos-1_de_maio-turquia-1777665856.jpg 600w\" sizes=\"(max-width: 300px) 100vw, 300px\" \/><\/h3>\n<h3 style=\"text-align: justify;\">Protestos por melhores condi\u00e7\u00f5es de trabalho, faixas contra o presidente dos EUA, Donald Trump, e confrontos com a pol\u00edcia marcaram as manifesta\u00e7\u00f5es do Dia do Trabalho no mundo nesta sexta-feira (1\u00b0).<!--more--><\/h3>\n<h3 style=\"text-align: justify;\">O ex-l\u00edder cubano Raul Castro, de 94 anos, juntou-se a milhares de cubanos em uma marcha que passou pela orla de Havana e pelo pr\u00e9dio da embaixada dos EUA. As tens\u00f5es entre os pa\u00edses aumentaram nas \u00faltimas semanas com Trump amea\u00e7ando invadir o pa\u00eds. Nesta sexta, ele anunciou que vai ampliar as san\u00e7\u00f5es econ\u00f4micas.<\/h3>\n<h3 style=\"text-align: justify;\">Raul Castro recebeu um livro contendo mais de 6 milh\u00f5es de assinaturas de cubanos \u2014quase dois ter\u00e7os da popula\u00e7\u00e3o\u2014 demonstrando a vontade popular de defender o pa\u00eds de um poss\u00edvel ataque militar direto dos EUA.<\/h3>\n<h3 style=\"text-align: justify;\">&#8220;Hoje Cuba demonstrou mais uma vez que este povo n\u00e3o se rende e que defenderemos nossa p\u00e1tria com unhas e dentes, mesmo querendo paz&#8221;, disse Milagros Morales, 34 anos, moradora de Havana que participou da marcha.<\/h3>\n<h3 style=\"text-align: justify;\">A marcha deste ano foi reduzida, j\u00e1 que o governo n\u00e3o conseguiu fornecer o transporte e as rotas especiais que normalmente organiza devido ao bloqueio de petr\u00f3leo dos EUA, mas as autoridades afirmaram que mais de 500 mil participaram do ato.<\/h3>\n<h3 style=\"text-align: justify;\">A Venezuela, outro pa\u00eds alvo de san\u00e7\u00f5es dos EUA, teve manifesta\u00e7\u00f5es contra a nova &#8220;renda m\u00ednima integral&#8221; que subiu de US$ 190 para US$ 240, anunciada nesta semana pela l\u00edder interina Delcy Rodr\u00edguez, que assumiu o posto do ditador Nicol\u00e1s Maduro, deposto ap\u00f3s invas\u00e3o dos norte-americanos no in\u00edcio do ano.<\/h3>\n<h3 style=\"text-align: justify;\">Ao coro de &#8220;b\u00f4nus n\u00e3o \u00e9 sal\u00e1rio&#8221;, cerca de 1.500 trabalhadores, sindicalistas e aposentados marcharam por cerca de quatro quil\u00f4metros pelo centro de Caracas.<\/h3>\n<h3 style=\"text-align: justify;\">Trump foi lembrado em protestos nas Filipinas, onde o seu rosto e do premi\u00ea de Israel, Benjamin Netanyahu, foram queimados por manifestantes. Os participantes entraram em confronto com policiais, que usaram jatos de \u00e1gua para conter os atos.<\/h3>\n<h3 style=\"text-align: justify;\">Na Argentina, a figura do presidente Javier Milei tamb\u00e9m foi alvo dos manifestantes, que protestaram em Buenos Aires contra a reforma trabalhista promovida pelo governo em ato liderado pela CGT (Confedera\u00e7\u00e3o Geral do Trabalho).<\/h3>\n<h3 style=\"text-align: justify;\">Entre os principais pontos criticados est\u00e3o a amplia\u00e7\u00e3o da jornada para at\u00e9 12 horas di\u00e1rias, aumento do per\u00edodo de experi\u00eancia, flexibiliza\u00e7\u00e3o de contratos e a substitui\u00e7\u00e3o do pagamento de horas extras por folgas. As mudan\u00e7as, segundo entidades sindicais, aceleram a precariza\u00e7\u00e3o de um mercado de trabalho j\u00e1 afetado pela informalidade.<\/h3>\n<h3 style=\"text-align: justify;\">Na Fran\u00e7a, a tradicional marcha sindical em Paris tamb\u00e9m foi marcada por confrontos entre policiais e participantes. Registros de tumulto e correria tomaram as redes sociais, com imagens mostrando agentes da pol\u00edcia com escudos e outros equipamentos antimotim.<\/h3>\n<h3 style=\"text-align: justify;\">Na Turquia, mais de 500 pessoas foram presas. Dois grupos em particular foram alvo das for\u00e7as de seguran\u00e7a em bairros distintos, enquanto indicavam a inten\u00e7\u00e3o de ir \u00e0 pra\u00e7a Taksim, local emblem\u00e1tico dos protestos na Turquia.<\/h3>\n<h3 style=\"text-align: justify;\">J\u00e1 no Chile e na Coreia do Sul, manifestantes foram \u00e0s ruas para solicitar melhores condi\u00e7\u00f5es de trabalho, como ocorreu no Brasil com os atos contr\u00e1rios \u00e0 escala 6&#215;1.<\/h3>\n","protected":false},"excerpt":{"rendered":"<p>Protestos por melhores condi\u00e7\u00f5es de trabalho, faixas contra o presidente dos EUA, Donald Trump, e confrontos com a pol\u00edcia marcaram as manifesta\u00e7\u00f5es do Dia do Trabalho no mundo nesta sexta-feira (1\u00b0).<\/p>\n","protected":false},"author":3,"featured_media":1459,"comment_status":"closed","ping_status":"closed","sticky":false,"template":"","format":"standard","meta":{"_links_to":"","_links_to_target":""},"categories":[2,14],"tags":[],"_links":{"self":[{"href":"https:\/\/www.namira.blog.br\/v1\/wp-json\/wp\/v2\/posts\/1458"}],"collection":[{"href":"https:\/\/www.namira.blog.br\/v1\/wp-json\/wp\/v2\/posts"}],"about":[{"href":"https:\/\/www.namira.blog.br\/v1\/wp-json\/wp\/v2\/types\/post"}],"author":[{"embeddable":true,"href":"https:\/\/www.namira.blog.br\/v1\/wp-json\/wp\/v2\/users\/3"}],"replies":[{"embeddable":true,"href":"https:\/\/www.namira.blog.br\/v1\/wp-json\/wp\/v2\/comments?post=1458"}],"version-history":[{"count":1,"href":"https:\/\/www.namira.blog.br\/v1\/wp-json\/wp\/v2\/posts\/1458\/revisions"}],"predecessor-version":[{"id":1460,"href":"https:\/\/www.namira.blog.br\/v1\/wp-json\/wp\/v2\/posts\/1458\/revisions\/1460"}],"wp:featuredmedia":[{"embeddable":true,"href":"https:\/\/www.namira.blog.br\/v1\/wp-json\/wp\/v2\/media\/1459"}],"wp:attachment":[{"href":"https:\/\/www.namira.blog.br\/v1\/wp-json\/wp\/v2\/media?parent=1458"}],"wp:term":[{"taxonomy":"category","embeddable":true,"href":"https:\/\/www.namira.blog.br\/v1\/wp-json\/wp\/v2\/categories?post=1458"},{"taxonomy":"post_tag","embeddable":true,"href":"https:\/\/www.namira.blog.br\/v1\/wp-json\/wp\/v2\/tags?post=1458"}],"curies":[{"name":"wp","href":"https:\/\/api.w.org\/{rel}","templated":true}]}}