{"id":1461,"date":"2026-05-01T21:27:12","date_gmt":"2026-05-02T00:27:12","guid":{"rendered":"https:\/\/www.namira.blog.br\/v1\/?p=1461"},"modified":"2026-05-01T21:27:12","modified_gmt":"2026-05-02T00:27:12","slug":"petrobras-aumenta-preco-do-gas-canalizado-em-192-para-distribuidoras-a-partir-desta-sexta-feira","status":"publish","type":"post","link":"https:\/\/www.namira.blog.br\/v1\/2026\/05\/01\/petrobras-aumenta-preco-do-gas-canalizado-em-192-para-distribuidoras-a-partir-desta-sexta-feira\/","title":{"rendered":"Petrobras aumenta pre\u00e7o do g\u00e1s canalizado em 19,2% para distribuidoras a partir desta sexta-feira"},"content":{"rendered":"<section>\n<section>\n<div id=\"resumo-irineu__conteudo\">\n<h3><img loading=\"lazy\" class=\"alignnone size-medium wp-image-1462 aligncenter\" src=\"http:\/\/www.namira.blog.br\/v1\/wp-content\/uploads\/2026\/05\/gas-de-cozinha-f0gao-agencia-o-g-300x168.jpg\" alt=\"\" width=\"300\" height=\"168\" srcset=\"https:\/\/www.namira.blog.br\/v1\/wp-content\/uploads\/2026\/05\/gas-de-cozinha-f0gao-agencia-o-g-300x168.jpg 300w, https:\/\/www.namira.blog.br\/v1\/wp-content\/uploads\/2026\/05\/gas-de-cozinha-f0gao-agencia-o-g.jpg 600w\" sizes=\"(max-width: 300px) 100vw, 300px\" \/><\/h3>\n<h3 style=\"text-align: justify;\">A Petrobras anunciou um aumento de 19,2% no pre\u00e7o do g\u00e1s canalizado para distribuidoras, refletindo varia\u00e7\u00f5es no d\u00f3lar, g\u00e1s e petr\u00f3leo. O reajuste afeta resid\u00eancias, com\u00e9rcio e GNV, mas n\u00e3o o GLP. Al\u00e9m disso, o querosene de avia\u00e7\u00e3o subir\u00e1 18% em maio. A Abeg\u00e1s alerta para poss\u00edvel alta de 35% em agosto e pede medidas governamentais para mitigar impactos.<\/h3>\n<\/div>\n<\/section>\n<\/section>\n<h3 style=\"text-align: justify;\"><!--more--><\/h3>\n<div id=\"mc-article-body\">\n<article>\n<div>\n<h3 style=\"text-align: justify;\" data-track-category=\"Link no Texto\" data-mrf-recirculation=\"Article links\">A Petrobras vai reajustar em 19,2% o pre\u00e7o do g\u00e1s canalizado vendido para as distribuidoras a partir desta sexta-feira. O aumento reflete o comportamento do d\u00f3lar, do g\u00e1s e do petr\u00f3leo entre os meses de fevereiro e abril. O reajuste se aplica ao g\u00e1s canalizado vendido pelas distribuidoras para resid\u00eancias, com\u00e9rcio, al\u00e9m do g\u00e1s natural veicular (GNV), vendido nos postos de combust\u00edveis. A alta n\u00e3o envolve o pre\u00e7o do g\u00e1s de botij\u00e3o (GLP), que conta com regras distintas de reajuste.<\/h3>\n<h3 style=\"text-align: justify;\" data-track-category=\"Link no Texto\" data-mrf-recirculation=\"Article links\">No caso do g\u00e1s canalizado e GNV, o reajuste da Petrobras para as distribuidoras ocorre a cada tr\u00eas meses, de acordo com contrato entre a estatal e as empresas de g\u00e1s. Em fevereiro, houve redu\u00e7\u00e3o de 11%<\/h3>\n<h3 style=\"text-align: justify;\" data-track-category=\"Link no Texto\" data-mrf-recirculation=\"Article links\">Em nota, a Petrobras disse que o petr\u00f3leo tipo Brent subiu aproximadamente 24,3% e o c\u00e2mbio teve aprecia\u00e7\u00e3o de 2,5% (isto \u00e9, a quantia em reais para se converter em um d\u00f3lar reduziu 2,5%).\u202f Al\u00e9m disso, o Henry Hub (principal ponto de refer\u00eancia ara o pre\u00e7o do g\u00e1s natural nos Estados Unidos) caiu aproximadamente 14,1%.<\/h3>\n<div>\n<p data-track-category=\"Link no Texto\" data-track-links=\"\" data-mrf-recirculation=\"Article links\">Segundo fontes do mercado, a estatal e as distribuidoras de g\u00e1s negociaram os aumentos at\u00e9 ontem, em um cen\u00e1rio pouco comum.<\/p>\n<p data-track-category=\"Link no Texto\" data-track-links=\"\" data-mrf-recirculation=\"Article links\">O pre\u00e7o final do g\u00e1s natural ao consumidor n\u00e3o \u00e9 determinado apenas pelo pre\u00e7o de venda da mol\u00e9cula de g\u00e1s vendida pela Petrobras. Na composi\u00e7\u00e3o do pre\u00e7o final ainda h\u00e1 os custos do transporte, margens das distribuidoras e, no caso do GNV, dos postos de revenda, al\u00e9m de tributos federais e estaduais.<\/p>\n<p>&nbsp;<\/p>\n<h2>Associa\u00e7\u00e3o projeta alta de 35% em agosto<\/h2>\n<p>&nbsp;<\/p>\n<p data-track-category=\"Link no Texto\" data-track-links=\"\" data-mrf-recirculation=\"Article links\">A Abeg\u00e1s projeta ainda um efeito maior em agosto, quando haver\u00e1 novo reajuste e os pre\u00e7os da mol\u00e9cula de g\u00e1s poderiam subir mais 35%.<\/p>\n<div>\n<h3 style=\"text-align: justify;\" data-track-category=\"Link no Texto\" data-mrf-recirculation=\"Article links\">\u2014 A gente n\u00e3o tem margem, n\u00e3o tem lastro para conseguir suportar um aumento dessa magnitude. Quando voc\u00ea incentiva combust\u00edveis concorrentes e, inclusive, mais poluentes que o g\u00e1s natural, voc\u00ea acaba incentivando esses combust\u00edveis \u2014 afirmou Mendon\u00e7a.<\/h3>\n<\/div>\n<\/div>\n<\/div>\n<\/article>\n<\/div>\n","protected":false},"excerpt":{"rendered":"<p>A Petrobras anunciou um aumento de 19,2% no pre\u00e7o do g\u00e1s canalizado para distribuidoras, refletindo varia\u00e7\u00f5es no d\u00f3lar, g\u00e1s e petr\u00f3leo. O reajuste afeta resid\u00eancias, com\u00e9rcio e GNV, mas n\u00e3o o GLP. Al\u00e9m disso, o querosene de avia\u00e7\u00e3o subir\u00e1 18% em maio. A Abeg\u00e1s alerta para poss\u00edvel alta de 35% em agosto e pede medidas [&hellip;]<\/p>\n","protected":false},"author":3,"featured_media":1462,"comment_status":"closed","ping_status":"closed","sticky":false,"template":"","format":"standard","meta":{"_links_to":"","_links_to_target":""},"categories":[9,4],"tags":[],"_links":{"self":[{"href":"https:\/\/www.namira.blog.br\/v1\/wp-json\/wp\/v2\/posts\/1461"}],"collection":[{"href":"https:\/\/www.namira.blog.br\/v1\/wp-json\/wp\/v2\/posts"}],"about":[{"href":"https:\/\/www.namira.blog.br\/v1\/wp-json\/wp\/v2\/types\/post"}],"author":[{"embeddable":true,"href":"https:\/\/www.namira.blog.br\/v1\/wp-json\/wp\/v2\/users\/3"}],"replies":[{"embeddable":true,"href":"https:\/\/www.namira.blog.br\/v1\/wp-json\/wp\/v2\/comments?post=1461"}],"version-history":[{"count":1,"href":"https:\/\/www.namira.blog.br\/v1\/wp-json\/wp\/v2\/posts\/1461\/revisions"}],"predecessor-version":[{"id":1463,"href":"https:\/\/www.namira.blog.br\/v1\/wp-json\/wp\/v2\/posts\/1461\/revisions\/1463"}],"wp:featuredmedia":[{"embeddable":true,"href":"https:\/\/www.namira.blog.br\/v1\/wp-json\/wp\/v2\/media\/1462"}],"wp:attachment":[{"href":"https:\/\/www.namira.blog.br\/v1\/wp-json\/wp\/v2\/media?parent=1461"}],"wp:term":[{"taxonomy":"category","embeddable":true,"href":"https:\/\/www.namira.blog.br\/v1\/wp-json\/wp\/v2\/categories?post=1461"},{"taxonomy":"post_tag","embeddable":true,"href":"https:\/\/www.namira.blog.br\/v1\/wp-json\/wp\/v2\/tags?post=1461"}],"curies":[{"name":"wp","href":"https:\/\/api.w.org\/{rel}","templated":true}]}}