{"id":2112,"date":"2026-08-31T11:42:38","date_gmt":"2026-08-31T14:42:38","guid":{"rendered":"https:\/\/www.namira.blog.br\/v1\/?p=2112"},"modified":"2026-08-31T11:42:38","modified_gmt":"2026-08-31T14:42:38","slug":"grave-acidente-entre-moto-e-onibus-escolar-deixa-dois-jovens-mortos-na-ba-652-em-ibirapitanga","status":"publish","type":"post","link":"https:\/\/www.namira.blog.br\/v1\/2026\/08\/31\/grave-acidente-entre-moto-e-onibus-escolar-deixa-dois-jovens-mortos-na-ba-652-em-ibirapitanga\/","title":{"rendered":"Grave acidente entre moto e \u00f4nibus escolar deixa dois jovens mortos na BA-652 em Ibirapitanga"},"content":{"rendered":"<div data-sfc-cp=\"\" data-sfc-root=\"ep\"><mark data-sfc-cp=\"\" data-sfc-root=\"ep\"><span data-sfc-cp=\"\" data-sfc-root=\"ep\"><img loading=\"lazy\" class=\"alignnone  wp-image-2113 aligncenter\" src=\"http:\/\/www.namira.blog.br\/v1\/wp-content\/uploads\/2026\/08\/frame-2391-300x258.jpg\" alt=\"\" width=\"407\" height=\"350\" srcset=\"https:\/\/www.namira.blog.br\/v1\/wp-content\/uploads\/2026\/08\/frame-2391-300x258.jpg 300w, https:\/\/www.namira.blog.br\/v1\/wp-content\/uploads\/2026\/08\/frame-2391.jpg 600w\" sizes=\"(max-width: 407px) 100vw, 407px\" \/><!--TgQPHd|||[]--><\/span><!--TgQPHd|||[]--><\/mark><!--TgQPHd|||[]--><\/div>\n<h3 style=\"text-align: justify;\" data-sfc-root=\"ep\"><span data-sfc-cp=\"\" data-sfc-root=\"ep\">Um tr\u00e1gico acidente de tr\u00e2nsito na BA-652 deixou dois jovens mortos<!--TgQPHd|||[]--><\/span> na noite deste domingo, em Ibirapitanga, no sul da Bahia. A colis\u00e3o frontal envolveu uma motocicleta Honda CG 160 Start e um \u00f4nibus escolar pertencente \u00e0 prefeitura do munic\u00edpio, nas proximidades do campo do CRAS.<!--TgQPHd|||[]--><\/h3>\n<h3 style=\"text-align: justify;\"><!--more--><\/h3>\n<h3 style=\"text-align: justify;\" data-sfc-root=\"ep\">Os dois ocupantes da motocicleta, identificados como <span data-sfc-cp=\"\" data-sfc-root=\"ep\">Ariel Pereira da Silva, de 18 anos, e Cristiano Vinicius Gon\u00e7alves Silva, de 16 anos<!--TgQPHd|||[]--><\/span>, n\u00e3o resistiram aos ferimentos e morreram ainda no local. O motorista do \u00f4nibus e os estudantes que estavam a bordo n\u00e3o sofreram ferimentos.<!--TgQPHd|||[]--><\/h3>\n<h3 style=\"text-align: justify;\" data-sfc-root=\"ep\">De acordo com informa\u00e7\u00f5es da pol\u00edcia, o condutor do \u00f4nibus relatou que trafegava em dire\u00e7\u00e3o ao centro de Ibirapitanga quando avistou a motocicleta vindo na dire\u00e7\u00e3o oposta. Segundo o depoimento, o ve\u00edculo de duas rodas realizava movimentos em zigue-zague e invadiu a pista contr\u00e1ria. O motorista afirmou que tentou frear bruscamente, mas n\u00e3o conseguiu evitar o impacto violento.<!--TgQPHd|||[]--><\/h3>\n<h3 style=\"text-align: justify;\" data-sfc-root=\"ep\">Uma equipe do Servi\u00e7o de Atendimento M\u00f3vel de Urg\u00eancia (SAMU) foi acionada, mas p\u00f4de apenas atestar o \u00f3bito das v\u00edtimas. Guarni\u00e7\u00f5es da 61\u00aa Companhia Independente de Pol\u00edcia Militar (CIPM) e da Companhia Independente de Policiamento Rodovi\u00e1rio (CIPRv\/Itabuna) isolaram a \u00e1rea para controlar o tr\u00e1fego e registrar o acidente.<!--TgQPHd|||[]--><\/h3>\n<h3 style=\"text-align: justify;\" data-sfc-root=\"ep\">Peritos do Departamento de Pol\u00edcia T\u00e9cnica (DPT) de Ilh\u00e9us foram chamados para realizar a per\u00edcia e remover os corpos para o Instituto M\u00e9dico Legal (IML). A ocorr\u00eancia policial foi registrada formalmente na Delegacia Territorial de Ilh\u00e9us, que investigar\u00e1 as circunst\u00e2ncias do acidente.<!--TgQPHd|||[]--><!--TgQPHd|||[]--><\/h3>\n<div data-sfc-root=\"ep\">\n<!--TgQPHd|||[]--><\/div>\n<div data-sfc-root=\"ep\"><!--TgQPHd|||[]--><\/div>\n<div data-sfc-root=\"ep\"><!--TgQPHd|||[]--><\/div>\n","protected":false},"excerpt":{"rendered":"<p>Um tr\u00e1gico acidente de tr\u00e2nsito na BA-652 deixou dois jovens mortos na noite deste domingo, em Ibirapitanga, no sul da Bahia. A colis\u00e3o frontal envolveu uma motocicleta Honda CG 160 Start e um \u00f4nibus escolar pertencente \u00e0 prefeitura do munic\u00edpio, nas proximidades do campo do CRAS.<\/p>\n","protected":false},"author":3,"featured_media":2113,"comment_status":"closed","ping_status":"closed","sticky":false,"template":"","format":"standard","meta":{"_links_to":"","_links_to_target":""},"categories":[11,2,1],"tags":[],"_links":{"self":[{"href":"https:\/\/www.namira.blog.br\/v1\/wp-json\/wp\/v2\/posts\/2112"}],"collection":[{"href":"https:\/\/www.namira.blog.br\/v1\/wp-json\/wp\/v2\/posts"}],"about":[{"href":"https:\/\/www.namira.blog.br\/v1\/wp-json\/wp\/v2\/types\/post"}],"author":[{"embeddable":true,"href":"https:\/\/www.namira.blog.br\/v1\/wp-json\/wp\/v2\/users\/3"}],"replies":[{"embeddable":true,"href":"https:\/\/www.namira.blog.br\/v1\/wp-json\/wp\/v2\/comments?post=2112"}],"version-history":[{"count":1,"href":"https:\/\/www.namira.blog.br\/v1\/wp-json\/wp\/v2\/posts\/2112\/revisions"}],"predecessor-version":[{"id":2114,"href":"https:\/\/www.namira.blog.br\/v1\/wp-json\/wp\/v2\/posts\/2112\/revisions\/2114"}],"wp:featuredmedia":[{"embeddable":true,"href":"https:\/\/www.namira.blog.br\/v1\/wp-json\/wp\/v2\/media\/2113"}],"wp:attachment":[{"href":"https:\/\/www.namira.blog.br\/v1\/wp-json\/wp\/v2\/media?parent=2112"}],"wp:term":[{"taxonomy":"category","embeddable":true,"href":"https:\/\/www.namira.blog.br\/v1\/wp-json\/wp\/v2\/categories?post=2112"},{"taxonomy":"post_tag","embeddable":true,"href":"https:\/\/www.namira.blog.br\/v1\/wp-json\/wp\/v2\/tags?post=2112"}],"curies":[{"name":"wp","href":"https:\/\/api.w.org\/{rel}","templated":true}]}}