{"id":2115,"date":"2026-08-31T11:51:50","date_gmt":"2026-08-31T14:51:50","guid":{"rendered":"https:\/\/www.namira.blog.br\/v1\/?p=2115"},"modified":"2026-08-31T11:51:50","modified_gmt":"2026-08-31T14:51:50","slug":"homem-e-preso-em-flagrante-apos-agredir-mulher-com-canivete-em-ubata","status":"publish","type":"post","link":"https:\/\/www.namira.blog.br\/v1\/2026\/08\/31\/homem-e-preso-em-flagrante-apos-agredir-mulher-com-canivete-em-ubata\/","title":{"rendered":"Homem \u00e9 preso em flagrante ap\u00f3s agredir mulher com canivete em Ubat\u00e3"},"content":{"rendered":"<h3 data-sfc-root=\"ep\"><span data-sfc-cp=\"\" data-sfc-root=\"ep\"><img loading=\"lazy\" class=\"aligncenter wp-image-2116\" src=\"http:\/\/www.namira.blog.br\/v1\/wp-content\/uploads\/2026\/08\/frame-10811-300x247.jpg\" alt=\"\" width=\"400\" height=\"329\" srcset=\"https:\/\/www.namira.blog.br\/v1\/wp-content\/uploads\/2026\/08\/frame-10811-300x247.jpg 300w, https:\/\/www.namira.blog.br\/v1\/wp-content\/uploads\/2026\/08\/frame-10811.jpg 600w\" sizes=\"(max-width: 400px) 100vw, 400px\" \/><br \/>\n<!--TgQPHd|||[]--><\/span><!--TgQPHd|||[]--><\/h3>\n<h3 style=\"text-align: justify;\" data-sfc-root=\"ep\">Um homem conhecido pelo apelido de <span data-sfc-cp=\"\" data-sfc-root=\"ep\">\u201c\u00cdndio\u201d foi preso em flagrante<!--TgQPHd|||[]--><\/span> na noite deste domingo (30), no Hospital C\u00e9sar Monteiro Piraj\u00e1, no munic\u00edpio de <span data-sfc-cp=\"\" data-sfc-root=\"ep\">Ubat\u00e3<!--TgQPHd|||[]--><\/span>, no sul da Bahia. Ele \u00e9 o principal suspeito de desferir um golpe de canivete no rosto de uma mulher.<!--TgQPHd|||[]--><\/h3>\n<p style=\"text-align: justify;\"><!--more--><\/p>\n<h3 style=\"text-align: justify;\" data-sfc-root=\"ep\">De acordo com informa\u00e7\u00f5es do portal Ubat\u00e3 Not\u00edcias, o pr\u00f3prio agressor utilizou uma motocicleta Honda Biz para socorrer a v\u00edtima e lev\u00e1-la at\u00e9 a unidade hospitalar logo ap\u00f3s o crime.<!--TgQPHd|||[]--><\/h3>\n<h3 style=\"text-align: justify;\" data-sfc-root=\"ep\">A Pol\u00edcia Militar, por meio da <span data-sfc-cp=\"\" data-sfc-root=\"ep\">61\u00aa CIPM<!--TgQPHd|||[]--><\/span>, foi acionada para atender a ocorr\u00eancia. Ao chegarem no hospital, os militares constataram que o suspeito j\u00e1 havia fugido do local. No entanto, durante as rondas de busca, o homem retornou \u00e0 unidade de sa\u00fade, momento em que recebeu a voz de pris\u00e3o em flagrante.<\/h3>\n<div style=\"text-align: justify;\" data-sfc-cp=\"\" data-sfc-root=\"ep\">\n<ul>\n<li data-sfc-cp=\"\" data-sfc-root=\"ep\">\n<h3><span data-sfc-cp=\"\" data-sfc-root=\"ep\">Encaminhamento:<!--TgQPHd|||[]--><\/span> O suspeito foi conduzido e apresentado na Delegacia Territorial de Ilh\u00e9us, onde permanece \u00e0 disposi\u00e7\u00e3o da Justi\u00e7a.<!--TgQPHd|||[]--><\/h3>\n<\/li>\n<li data-sfc-cp=\"\" data-sfc-root=\"ep\">\n<h3><span data-sfc-cp=\"\" data-sfc-root=\"ep\">Estado da v\u00edtima:<!--TgQPHd|||[]--><\/span> A mulher recebeu atendimento m\u00e9dico de urg\u00eancia e passou por um procedimento de sutura devido ao corte no rosto.<!--TgQPHd|||[]--><\/h3>\n<\/li>\n<li data-sfc-cp=\"\" data-sfc-root=\"ep\">\n<h3><span data-sfc-cp=\"\" data-sfc-root=\"ep\">Investiga\u00e7\u00e3o:<!--TgQPHd|||[]--><\/span> O caso est\u00e1 sob a responsabilidade da Pol\u00edcia Civil, que deve colher o depoimento da v\u00edtima nos pr\u00f3ximos dias para esclarecer a motiva\u00e7\u00e3o e as circunst\u00e2ncias do crime.<\/h3>\n<\/li>\n<\/ul>\n<\/div>\n<div style=\"text-align: justify;\" data-sfc-root=\"ep\">\n<!--TgQPHd|||[]--><\/div>\n<div data-sfc-root=\"ep\"><!--TgQPHd|||[]--><\/div>\n<div data-sfc-root=\"ep\"><!--TgQPHd|||[]--><\/div>\n","protected":false},"excerpt":{"rendered":"<p>Um homem conhecido pelo apelido de \u201c\u00cdndio\u201d foi preso em flagrante na noite deste domingo (30), no Hospital C\u00e9sar Monteiro Piraj\u00e1, no munic\u00edpio de Ubat\u00e3, no sul da Bahia. Ele \u00e9 o principal suspeito de desferir um golpe de canivete no rosto de uma mulher.<\/p>\n","protected":false},"author":3,"featured_media":2116,"comment_status":"closed","ping_status":"closed","sticky":false,"template":"","format":"standard","meta":{"_links_to":"","_links_to_target":""},"categories":[3,8],"tags":[],"_links":{"self":[{"href":"https:\/\/www.namira.blog.br\/v1\/wp-json\/wp\/v2\/posts\/2115"}],"collection":[{"href":"https:\/\/www.namira.blog.br\/v1\/wp-json\/wp\/v2\/posts"}],"about":[{"href":"https:\/\/www.namira.blog.br\/v1\/wp-json\/wp\/v2\/types\/post"}],"author":[{"embeddable":true,"href":"https:\/\/www.namira.blog.br\/v1\/wp-json\/wp\/v2\/users\/3"}],"replies":[{"embeddable":true,"href":"https:\/\/www.namira.blog.br\/v1\/wp-json\/wp\/v2\/comments?post=2115"}],"version-history":[{"count":1,"href":"https:\/\/www.namira.blog.br\/v1\/wp-json\/wp\/v2\/posts\/2115\/revisions"}],"predecessor-version":[{"id":2117,"href":"https:\/\/www.namira.blog.br\/v1\/wp-json\/wp\/v2\/posts\/2115\/revisions\/2117"}],"wp:featuredmedia":[{"embeddable":true,"href":"https:\/\/www.namira.blog.br\/v1\/wp-json\/wp\/v2\/media\/2116"}],"wp:attachment":[{"href":"https:\/\/www.namira.blog.br\/v1\/wp-json\/wp\/v2\/media?parent=2115"}],"wp:term":[{"taxonomy":"category","embeddable":true,"href":"https:\/\/www.namira.blog.br\/v1\/wp-json\/wp\/v2\/categories?post=2115"},{"taxonomy":"post_tag","embeddable":true,"href":"https:\/\/www.namira.blog.br\/v1\/wp-json\/wp\/v2\/tags?post=2115"}],"curies":[{"name":"wp","href":"https:\/\/api.w.org\/{rel}","templated":true}]}}