{"id":2118,"date":"2026-08-31T15:12:31","date_gmt":"2026-08-31T18:12:31","guid":{"rendered":"https:\/\/www.namira.blog.br\/v1\/?p=2118"},"modified":"2026-08-31T15:14:08","modified_gmt":"2026-08-31T18:14:08","slug":"floresta-azul-hermanio-bambu-mostra-forca-politica-e-inaugura-comite-com-grande-mobilizacao","status":"publish","type":"post","link":"https:\/\/www.namira.blog.br\/v1\/2026\/08\/31\/floresta-azul-hermanio-bambu-mostra-forca-politica-e-inaugura-comite-com-grande-mobilizacao\/","title":{"rendered":"Floresta Azul: Hermanio Bambu mostra for\u00e7a pol\u00edtica e inaugura comit\u00ea com grande mobiliza\u00e7\u00e3o."},"content":{"rendered":"<div id=\"__reading__mode__header__container\" class=\"header_container\">\n<div id=\"header_content_id\" class=\"header_content\"><\/div>\n<\/div>\n<div id=\"__reading__mode__mainbody__id\" class=\"__reading__mode__mainbody\">\n<div id=\"mainContainer\" class=\"__reading__mode__extracted__article__body\">\n<div>\n<div id=\"post-body\" class=\"post-body entry-content\">\n<h3><img loading=\"lazy\" class=\"alignnone size-medium wp-image-2119 aligncenter\" src=\"http:\/\/www.namira.blog.br\/v1\/wp-content\/uploads\/2026\/08\/unnamed-1-300x193.jpg\" alt=\"\" width=\"300\" height=\"193\" srcset=\"https:\/\/www.namira.blog.br\/v1\/wp-content\/uploads\/2026\/08\/unnamed-1-300x193.jpg 300w, https:\/\/www.namira.blog.br\/v1\/wp-content\/uploads\/2026\/08\/unnamed-1.jpg 600w\" sizes=\"(max-width: 300px) 100vw, 300px\" \/><\/h3>\n<h3>Floresta Azul viveu, neste \u00faltimo domingo, um momento de forte movimenta\u00e7\u00e3o pol\u00edtica. A inaugura\u00e7\u00e3o do comit\u00ea do prefeito Hermanio Bambu reuniu lideran\u00e7as, apoiadores e nomes de peso da pol\u00edtica baiana, em um evento que chamou a aten\u00e7\u00e3o nos bastidores do munic\u00edpio. Ao lado de Bambu, estiveram os deputados Niltinho, estadual, e Paulo Magalh\u00e3es, federal, ambos candidatos \u00e0 reelei\u00e7\u00e3o.<\/h3>\n<h3>\u00a0A presen\u00e7a das lideran\u00e7as refor\u00e7ou o alinhamento pol\u00edtico do grupo e deu ao evento um peso ainda maior. A mobiliza\u00e7\u00e3o tamb\u00e9m serviu como uma esp\u00e9cie de term\u00f4metro da for\u00e7a pol\u00edtica de Hermanio Bambu.<\/h3>\n<h3>O movimento registrado durante a inaugura\u00e7\u00e3o repercutiu entre os grupos que disputam espa\u00e7o no cen\u00e1rio pol\u00edtico local. Nos bastidores, o evento j\u00e1 \u00e9 visto como um recado claro de que o grupo do prefeito pretende manter protagonismo em Floresta Azul. A movimenta\u00e7\u00e3o, inclusive, deve aumentar a press\u00e3o sobre os advers\u00e1rios, que agora ter\u00e3o o desafio de organizar seus pr\u00f3prios eventos e apresentar for\u00e7a capaz de chamar a aten\u00e7\u00e3o da popula\u00e7\u00e3o.<\/h3>\n<h3>\u00a0A disputa pol\u00edtica em Floresta Azul promete ganhar novos cap\u00edtulos e, pelo que se viu no domingo, o grupo de Bambu entrou no jogo disposto a ocupar o centro do tabuleiro.<\/h3>\n<\/div>\n<\/div>\n<\/div>\n<\/div>\n","protected":false},"excerpt":{"rendered":"<p>Floresta Azul viveu, neste \u00faltimo domingo, um momento de forte movimenta\u00e7\u00e3o pol\u00edtica. A inaugura\u00e7\u00e3o do comit\u00ea do prefeito Hermanio Bambu reuniu lideran\u00e7as, apoiadores e nomes de peso da pol\u00edtica baiana, em um evento que chamou a aten\u00e7\u00e3o nos bastidores do munic\u00edpio. Ao lado de Bambu, estiveram os deputados Niltinho, estadual, e Paulo Magalh\u00e3es, federal, ambos [&hellip;]<\/p>\n","protected":false},"author":3,"featured_media":2122,"comment_status":"closed","ping_status":"closed","sticky":false,"template":"","format":"standard","meta":{"_links_to":"","_links_to_target":""},"categories":[5,10],"tags":[],"_links":{"self":[{"href":"https:\/\/www.namira.blog.br\/v1\/wp-json\/wp\/v2\/posts\/2118"}],"collection":[{"href":"https:\/\/www.namira.blog.br\/v1\/wp-json\/wp\/v2\/posts"}],"about":[{"href":"https:\/\/www.namira.blog.br\/v1\/wp-json\/wp\/v2\/types\/post"}],"author":[{"embeddable":true,"href":"https:\/\/www.namira.blog.br\/v1\/wp-json\/wp\/v2\/users\/3"}],"replies":[{"embeddable":true,"href":"https:\/\/www.namira.blog.br\/v1\/wp-json\/wp\/v2\/comments?post=2118"}],"version-history":[{"count":1,"href":"https:\/\/www.namira.blog.br\/v1\/wp-json\/wp\/v2\/posts\/2118\/revisions"}],"predecessor-version":[{"id":2121,"href":"https:\/\/www.namira.blog.br\/v1\/wp-json\/wp\/v2\/posts\/2118\/revisions\/2121"}],"wp:featuredmedia":[{"embeddable":true,"href":"https:\/\/www.namira.blog.br\/v1\/wp-json\/wp\/v2\/media\/2122"}],"wp:attachment":[{"href":"https:\/\/www.namira.blog.br\/v1\/wp-json\/wp\/v2\/media?parent=2118"}],"wp:term":[{"taxonomy":"category","embeddable":true,"href":"https:\/\/www.namira.blog.br\/v1\/wp-json\/wp\/v2\/categories?post=2118"},{"taxonomy":"post_tag","embeddable":true,"href":"https:\/\/www.namira.blog.br\/v1\/wp-json\/wp\/v2\/tags?post=2118"}],"curies":[{"name":"wp","href":"https:\/\/api.w.org\/{rel}","templated":true}]}}