{"id":2123,"date":"2026-08-31T20:09:27","date_gmt":"2026-08-31T23:09:27","guid":{"rendered":"https:\/\/www.namira.blog.br\/v1\/?p=2123"},"modified":"2026-08-31T20:12:13","modified_gmt":"2026-08-31T23:12:13","slug":"ex-prefeito-naeliton-rosa-reafirma-apoio-a-jeronimo-rodrigues-durante-reuniao-em-salvador","status":"publish","type":"post","link":"https:\/\/www.namira.blog.br\/v1\/2026\/08\/31\/ex-prefeito-naeliton-rosa-reafirma-apoio-a-jeronimo-rodrigues-durante-reuniao-em-salvador\/","title":{"rendered":"Itap\u00e9: Naeliton e Jero em Salvador"},"content":{"rendered":"<h1><img loading=\"lazy\" class=\"wp-image-2124 size-medium aligncenter\" src=\"http:\/\/www.namira.blog.br\/v1\/wp-content\/uploads\/2026\/08\/NAELITON-E-GERONIMO1-300x231.jpeg\" alt=\"\" width=\"300\" height=\"231\" srcset=\"https:\/\/www.namira.blog.br\/v1\/wp-content\/uploads\/2026\/08\/NAELITON-E-GERONIMO1-300x231.jpeg 300w, https:\/\/www.namira.blog.br\/v1\/wp-content\/uploads\/2026\/08\/NAELITON-E-GERONIMO1.jpeg 600w\" sizes=\"(max-width: 300px) 100vw, 300px\" \/><\/h1>\n<h3 style=\"text-align: justify;\">O ex-prefeito de Itap\u00e9, <strong>Naeliton Rosa Pinto<\/strong>, participou nesta segunda-feira (31) de uma reuni\u00e3o em Salvador, a convite do governador da Bahia, <strong>Jer\u00f4nimo Rodrigues<\/strong>. O encontro reuniu lideran\u00e7as pol\u00edticas e teve como pauta o fortalecimento das parcerias com os munic\u00edpios do interior.<\/h3>\n<p style=\"text-align: justify;\"><!--more--><\/p>\n<h3 style=\"text-align: justify;\">Durante a reuni\u00e3o, Jer\u00f4nimo Rodrigues agradeceu o apoio e a participa\u00e7\u00e3o das lideran\u00e7as pol\u00edticas ao longo de boa parte de seu primeiro mandato e tamb\u00e9m no atual per\u00edodo de articula\u00e7\u00e3o para sua campanha de reelei\u00e7\u00e3o.<\/h3>\n<h3 style=\"text-align: justify;\">O governador aproveitou a oportunidade para reafirmar o compromisso do Governo do Estado com os munic\u00edpios do interior, destacando a continuidade das entregas de obras e a implanta\u00e7\u00e3o de novos projetos.<\/h3>\n<h3>\u201cNenhuma cidade ser\u00e1 esquecida\u201d, declarou o governador.<\/h3>\n<h3 style=\"text-align: justify;\">Naeliton Rosa lembrou que seu apoio a Jer\u00f4nimo Rodrigues come\u00e7ou ainda antes da elei\u00e7\u00e3o de 2022. Segundo ele, quando o Partido Progressistas (PP) deixou a base pol\u00edtica do ent\u00e3o governador Rui Costa e se afastou da escolha do novo candidato ao governo estadual, ele esteve entre os primeiros prefeitos a declarar apoio \u00e0 chapa formada por Jer\u00f4nimo Rodrigues e Geraldo J\u00fanior.<\/h3>\n<h3 style=\"text-align: justify;\">O ex-prefeito tamb\u00e9m destacou os investimentos e a\u00e7\u00f5es realizadas em Itap\u00e9 por meio da parceria com o Governo do Estado, especialmente ap\u00f3s o per\u00edodo de dificuldades enfrentado pelo munic\u00edpio em consequ\u00eancia das enchentes.<\/h3>\n<h3>\u201cItap\u00e9 ganhou com Jer\u00f4nimo e com os deputados. A cidade se recuperou da enchente e realizamos grandes obras junto com o Governo do Estado. A parceria vai continuar, estamos firmes com Jer\u00f4nimo e Lula\u201d, afirmou Naeliton.<\/h3>\n<h3 style=\"text-align: justify;\">A participa\u00e7\u00e3o do ex-prefeito na reuni\u00e3o refor\u00e7ou seu posicionamento pol\u00edtico ao lado do governador Jer\u00f4nimo Rodrigues e do presidente Luiz In\u00e1cio Lula da Silva, mantendo a alian\u00e7a que, segundo Naeliton, vem sendo constru\u00edda desde o processo eleitoral de 2022.<\/h3>\n","protected":false},"excerpt":{"rendered":"<p>O ex-prefeito de Itap\u00e9, Naeliton Rosa Pinto, participou nesta segunda-feira (31) de uma reuni\u00e3o em Salvador, a convite do governador da Bahia, Jer\u00f4nimo Rodrigues. O encontro reuniu lideran\u00e7as pol\u00edticas e teve como pauta o fortalecimento das parcerias com os munic\u00edpios do interior.<\/p>\n","protected":false},"author":3,"featured_media":2124,"comment_status":"closed","ping_status":"closed","sticky":false,"template":"","format":"standard","meta":{"_links_to":"","_links_to_target":""},"categories":[5,10],"tags":[],"_links":{"self":[{"href":"https:\/\/www.namira.blog.br\/v1\/wp-json\/wp\/v2\/posts\/2123"}],"collection":[{"href":"https:\/\/www.namira.blog.br\/v1\/wp-json\/wp\/v2\/posts"}],"about":[{"href":"https:\/\/www.namira.blog.br\/v1\/wp-json\/wp\/v2\/types\/post"}],"author":[{"embeddable":true,"href":"https:\/\/www.namira.blog.br\/v1\/wp-json\/wp\/v2\/users\/3"}],"replies":[{"embeddable":true,"href":"https:\/\/www.namira.blog.br\/v1\/wp-json\/wp\/v2\/comments?post=2123"}],"version-history":[{"count":4,"href":"https:\/\/www.namira.blog.br\/v1\/wp-json\/wp\/v2\/posts\/2123\/revisions"}],"predecessor-version":[{"id":2128,"href":"https:\/\/www.namira.blog.br\/v1\/wp-json\/wp\/v2\/posts\/2123\/revisions\/2128"}],"wp:featuredmedia":[{"embeddable":true,"href":"https:\/\/www.namira.blog.br\/v1\/wp-json\/wp\/v2\/media\/2124"}],"wp:attachment":[{"href":"https:\/\/www.namira.blog.br\/v1\/wp-json\/wp\/v2\/media?parent=2123"}],"wp:term":[{"taxonomy":"category","embeddable":true,"href":"https:\/\/www.namira.blog.br\/v1\/wp-json\/wp\/v2\/categories?post=2123"},{"taxonomy":"post_tag","embeddable":true,"href":"https:\/\/www.namira.blog.br\/v1\/wp-json\/wp\/v2\/tags?post=2123"}],"curies":[{"name":"wp","href":"https:\/\/api.w.org\/{rel}","templated":true}]}}