{"id":2131,"date":"2026-09-03T14:16:38","date_gmt":"2026-09-03T17:16:38","guid":{"rendered":"https:\/\/www.namira.blog.br\/v1\/?p=2131"},"modified":"2026-09-03T14:16:38","modified_gmt":"2026-09-03T17:16:38","slug":"vendaval-derruba-cobertura-de-posto-e-danifica-veiculos-em-vitoria-da-conquista","status":"publish","type":"post","link":"https:\/\/www.namira.blog.br\/v1\/2026\/09\/03\/vendaval-derruba-cobertura-de-posto-e-danifica-veiculos-em-vitoria-da-conquista\/","title":{"rendered":"Vendaval derruba cobertura de posto e danifica ve\u00edculos em Vit\u00f3ria da Conquista"},"content":{"rendered":"<p><img loading=\"lazy\" class=\"wp-image-2132  aligncenter\" src=\"http:\/\/www.namira.blog.br\/v1\/wp-content\/uploads\/2026\/09\/d929a59f1f47a03ba8aa5677a7a1e36f1-300x169.jpg\" alt=\"\" width=\"474\" height=\"267\" srcset=\"https:\/\/www.namira.blog.br\/v1\/wp-content\/uploads\/2026\/09\/d929a59f1f47a03ba8aa5677a7a1e36f1-300x169.jpg 300w, https:\/\/www.namira.blog.br\/v1\/wp-content\/uploads\/2026\/09\/d929a59f1f47a03ba8aa5677a7a1e36f1.jpg 600w\" sizes=\"(max-width: 474px) 100vw, 474px\" \/><\/p>\n<h3 style=\"text-align: justify;\">Um forte vendaval provocou estragos e assustou moradores de Vit\u00f3ria da Conquista, no sudoeste da Bahia, no in\u00edcio da noite desta quarta-feira (2). Imagens registradas durante o temporal mostram a for\u00e7a dos ventos e os preju\u00edzos causados em diferentes pontos da cidade.<!--more--><\/h3>\n<h3 style=\"text-align: justify;\">Na Avenida Integra\u00e7\u00e3o, a cobertura de um posto de combust\u00edveis n\u00e3o resistiu \u00e0s fortes rajadas e desabou sobre ve\u00edculos que estavam no local. Alguns carros ficaram bastante danificados ap\u00f3s serem atingidos pela estrutura met\u00e1lica.<\/h3>\n<h3 style=\"text-align: justify;\">As imagens da ocorr\u00eancia rapidamente ganharam repercuss\u00e3o nas redes sociais. Em uma das cenas, partes da cobertura aparecem sobre os autom\u00f3veis, causando apreens\u00e3o entre pessoas que estavam nas proximidades.<\/h3>\n<h3 style=\"text-align: justify;\">O vendaval veio acompanhado de <strong>chuva intensa e queda de granizo em diferentes bairros<\/strong> de Vit\u00f3ria da Conquista. A mudan\u00e7a brusca nas condi\u00e7\u00f5es clim\u00e1ticas ocorreu ap\u00f3s um dia marcado por temperaturas elevadas.<\/h3>\n<h3 style=\"text-align: justify;\">O temporal tamb\u00e9m provocou transtornos em outros pontos da cidade. Diante da possibilidade de novas rajadas de vento e chuvas fortes, a recomenda\u00e7\u00e3o \u00e9 que moradores redobrem a aten\u00e7\u00e3o, evitem permanecer pr\u00f3ximos a estruturas fr\u00e1geis, \u00e1rvores e placas, al\u00e9m de buscar locais seguros durante a ocorr\u00eancia de temporais.<\/h3>\n","protected":false},"excerpt":{"rendered":"<p>Um forte vendaval provocou estragos e assustou moradores de Vit\u00f3ria da Conquista, no sudoeste da Bahia, no in\u00edcio da noite desta quarta-feira (2). Imagens registradas durante o temporal mostram a for\u00e7a dos ventos e os preju\u00edzos causados em diferentes pontos da cidade.<\/p>\n","protected":false},"author":3,"featured_media":2132,"comment_status":"closed","ping_status":"closed","sticky":false,"template":"","format":"standard","meta":{"_links_to":"","_links_to_target":""},"categories":[11,2],"tags":[],"_links":{"self":[{"href":"https:\/\/www.namira.blog.br\/v1\/wp-json\/wp\/v2\/posts\/2131"}],"collection":[{"href":"https:\/\/www.namira.blog.br\/v1\/wp-json\/wp\/v2\/posts"}],"about":[{"href":"https:\/\/www.namira.blog.br\/v1\/wp-json\/wp\/v2\/types\/post"}],"author":[{"embeddable":true,"href":"https:\/\/www.namira.blog.br\/v1\/wp-json\/wp\/v2\/users\/3"}],"replies":[{"embeddable":true,"href":"https:\/\/www.namira.blog.br\/v1\/wp-json\/wp\/v2\/comments?post=2131"}],"version-history":[{"count":1,"href":"https:\/\/www.namira.blog.br\/v1\/wp-json\/wp\/v2\/posts\/2131\/revisions"}],"predecessor-version":[{"id":2133,"href":"https:\/\/www.namira.blog.br\/v1\/wp-json\/wp\/v2\/posts\/2131\/revisions\/2133"}],"wp:featuredmedia":[{"embeddable":true,"href":"https:\/\/www.namira.blog.br\/v1\/wp-json\/wp\/v2\/media\/2132"}],"wp:attachment":[{"href":"https:\/\/www.namira.blog.br\/v1\/wp-json\/wp\/v2\/media?parent=2131"}],"wp:term":[{"taxonomy":"category","embeddable":true,"href":"https:\/\/www.namira.blog.br\/v1\/wp-json\/wp\/v2\/categories?post=2131"},{"taxonomy":"post_tag","embeddable":true,"href":"https:\/\/www.namira.blog.br\/v1\/wp-json\/wp\/v2\/tags?post=2131"}],"curies":[{"name":"wp","href":"https:\/\/api.w.org\/{rel}","templated":true}]}}