{"id":2134,"date":"2026-09-03T14:28:47","date_gmt":"2026-09-03T17:28:47","guid":{"rendered":"https:\/\/www.namira.blog.br\/v1\/?p=2134"},"modified":"2026-09-03T14:28:47","modified_gmt":"2026-09-03T17:28:47","slug":"investigado-por-homicidio-brutal-e-preso-em-ilheus-durante-operacao-malhas-da-lei","status":"publish","type":"post","link":"https:\/\/www.namira.blog.br\/v1\/2026\/09\/03\/investigado-por-homicidio-brutal-e-preso-em-ilheus-durante-operacao-malhas-da-lei\/","title":{"rendered":"Investigado por homic\u00eddio brutal \u00e9 preso em Ilh\u00e9us durante Opera\u00e7\u00e3o Malhas da Lei"},"content":{"rendered":"<h3><img loading=\"lazy\" class=\"alignnone  wp-image-2135 aligncenter\" src=\"http:\/\/www.namira.blog.br\/v1\/wp-content\/uploads\/2026\/09\/frame-275-300x242.jpg\" alt=\"\" width=\"477\" height=\"385\" srcset=\"https:\/\/www.namira.blog.br\/v1\/wp-content\/uploads\/2026\/09\/frame-275-300x242.jpg 300w, https:\/\/www.namira.blog.br\/v1\/wp-content\/uploads\/2026\/09\/frame-275.jpg 600w\" sizes=\"(max-width: 477px) 100vw, 477px\" \/><\/h3>\n<h3 style=\"text-align: justify;\">Um jovem de 18 anos, investigado pelos crimes de <strong>homic\u00eddio qualificado e oculta\u00e7\u00e3o de cad\u00e1ver<\/strong>, foi preso nesta quarta-feira (2), em Ilh\u00e9us, durante a <strong>Opera\u00e7\u00e3o Malhas da Lei<\/strong>. A pris\u00e3o foi realizada por equipes da Delegacia de Ubaitaba, com apoio do GATTI Costa do Cacau, da 7\u00aa Coorpin, ap\u00f3s o cumprimento de mandado de pris\u00e3o preventiva.<!--more--><\/h3>\n<h3 style=\"text-align: justify;\">Segundo a Pol\u00edcia Civil, o preso, identificado como <strong>Luiz Felipe dos Santos<\/strong>, \u00e9 apontado como um dos envolvidos na morte de <strong>S\u00e9rgio Jos\u00e9 de Souza<\/strong>, uma pessoa com transtorno mental e sem envolvimento com atividades criminosas.<\/h3>\n<h3 style=\"text-align: justify;\">De acordo com as investiga\u00e7\u00f5es, o homic\u00eddio foi cometido com extrema viol\u00eancia. A v\u00edtima teria sido espancada e atingida com pauladas e pedradas, al\u00e9m de sofrer disparos de arma de fogo no rosto.<\/h3>\n<h3 style=\"text-align: justify;\">Durante o depoimento, Luiz Felipe teria confessado participa\u00e7\u00e3o no crime e relatado uma tentativa de <strong>incinerar o corpo para destruir impress\u00f5es digitais e eliminar provas materiais<\/strong>. Posteriormente, o cad\u00e1ver teria sido descartado \u00e0s margens do Rio de Contas.<\/h3>\n<h3 style=\"text-align: justify;\">Ainda conforme a Pol\u00edcia Civil, o outro investigado pela participa\u00e7\u00e3o no homic\u00eddio morreu durante um confronto com policiais.<\/h3>\n<h3 style=\"text-align: justify;\">Com a pris\u00e3o, a investiga\u00e7\u00e3o foi conclu\u00edda e o <strong>inqu\u00e9rito policial finalizado<\/strong>. Luiz Felipe passou por exames e permanece \u00e0 disposi\u00e7\u00e3o da Vara Criminal de Ubaitaba, onde ficar\u00e1 sujeito \u00e0s determina\u00e7\u00f5es da Justi\u00e7a.<\/h3>\n","protected":false},"excerpt":{"rendered":"<p>Um jovem de 18 anos, investigado pelos crimes de homic\u00eddio qualificado e oculta\u00e7\u00e3o de cad\u00e1ver, foi preso nesta quarta-feira (2), em Ilh\u00e9us, durante a Opera\u00e7\u00e3o Malhas da Lei. A pris\u00e3o foi realizada por equipes da Delegacia de Ubaitaba, com apoio do GATTI Costa do Cacau, da 7\u00aa Coorpin, ap\u00f3s o cumprimento de mandado de pris\u00e3o [&hellip;]<\/p>\n","protected":false},"author":3,"featured_media":2135,"comment_status":"closed","ping_status":"closed","sticky":false,"template":"","format":"standard","meta":{"_links_to":"","_links_to_target":""},"categories":[3,8],"tags":[],"_links":{"self":[{"href":"https:\/\/www.namira.blog.br\/v1\/wp-json\/wp\/v2\/posts\/2134"}],"collection":[{"href":"https:\/\/www.namira.blog.br\/v1\/wp-json\/wp\/v2\/posts"}],"about":[{"href":"https:\/\/www.namira.blog.br\/v1\/wp-json\/wp\/v2\/types\/post"}],"author":[{"embeddable":true,"href":"https:\/\/www.namira.blog.br\/v1\/wp-json\/wp\/v2\/users\/3"}],"replies":[{"embeddable":true,"href":"https:\/\/www.namira.blog.br\/v1\/wp-json\/wp\/v2\/comments?post=2134"}],"version-history":[{"count":1,"href":"https:\/\/www.namira.blog.br\/v1\/wp-json\/wp\/v2\/posts\/2134\/revisions"}],"predecessor-version":[{"id":2136,"href":"https:\/\/www.namira.blog.br\/v1\/wp-json\/wp\/v2\/posts\/2134\/revisions\/2136"}],"wp:featuredmedia":[{"embeddable":true,"href":"https:\/\/www.namira.blog.br\/v1\/wp-json\/wp\/v2\/media\/2135"}],"wp:attachment":[{"href":"https:\/\/www.namira.blog.br\/v1\/wp-json\/wp\/v2\/media?parent=2134"}],"wp:term":[{"taxonomy":"category","embeddable":true,"href":"https:\/\/www.namira.blog.br\/v1\/wp-json\/wp\/v2\/categories?post=2134"},{"taxonomy":"post_tag","embeddable":true,"href":"https:\/\/www.namira.blog.br\/v1\/wp-json\/wp\/v2\/tags?post=2134"}],"curies":[{"name":"wp","href":"https:\/\/api.w.org\/{rel}","templated":true}]}}