{"id":2137,"date":"2026-09-03T14:37:43","date_gmt":"2026-09-03T17:37:43","guid":{"rendered":"https:\/\/www.namira.blog.br\/v1\/?p=2137"},"modified":"2026-09-03T14:37:43","modified_gmt":"2026-09-03T17:37:43","slug":"pm-apreende-lancha-e-mais-de-2-kg-de-drogas-apos-confronto-com-criminosos-em-camamu","status":"publish","type":"post","link":"https:\/\/www.namira.blog.br\/v1\/2026\/09\/03\/pm-apreende-lancha-e-mais-de-2-kg-de-drogas-apos-confronto-com-criminosos-em-camamu\/","title":{"rendered":"PM apreende lancha e mais de 2 kg de drogas ap\u00f3s confronto com criminosos em Camamu"},"content":{"rendered":"<p style=\"text-align: center;\"><img loading=\"lazy\" class=\"alignnone  wp-image-2138\" src=\"http:\/\/www.namira.blog.br\/v1\/wp-content\/uploads\/2026\/09\/frame-5131-209x300.jpg\" alt=\"\" width=\"297\" height=\"426\" srcset=\"https:\/\/www.namira.blog.br\/v1\/wp-content\/uploads\/2026\/09\/frame-5131-209x300.jpg 209w, https:\/\/www.namira.blog.br\/v1\/wp-content\/uploads\/2026\/09\/frame-5131.jpg 557w\" sizes=\"(max-width: 297px) 100vw, 297px\" \/><\/p>\n<h3 style=\"text-align: justify;\">A Pol\u00edcia Militar apreendeu uma lancha e mais de <strong>2 kg de drogas<\/strong> ap\u00f3s uma intensa troca de tiros com um grupo de criminosos armados na regi\u00e3o do Dend\u00ea, em Camamu, no baixo sul da Bahia. A ocorr\u00eancia foi registrada nesta quarta-feira (2).<!--more--><\/h3>\n<h3 style=\"text-align: justify;\">Segundo a PM, equipes da <strong>33\u00aa CIPM<\/strong> foram acionadas ap\u00f3s uma den\u00fancia an\u00f4nima informar sobre o transporte de entorpecentes pela regi\u00e3o. Ao chegarem ao local, os policiais foram recebidos a tiros e houve um intenso confronto.<\/h3>\n<h3 style=\"text-align: justify;\">Seis suspeitos que estavam na embarca\u00e7\u00e3o abandonaram a lancha e fugiram em dire\u00e7\u00e3o ao manguezal. As buscas foram realizadas na \u00e1rea, mas, at\u00e9 o momento, os criminosos n\u00e3o haviam sido localizados.<\/h3>\n<h3 style=\"text-align: justify;\">Na embarca\u00e7\u00e3o, uma lancha branca de aproximadamente tr\u00eas metros, os policiais encontraram cerca de <strong>1 kg de maconha do tipo gourmet, um peda\u00e7o de maconha prensada, aproximadamente 500 gramas de coca\u00edna e um capuz preto<\/strong>.<\/h3>\n<h3 style=\"text-align: justify;\">Todo o material apreendido e a embarca\u00e7\u00e3o foram encaminhados e apresentados na <strong>Delegacia de Camamu<\/strong>, onde a ocorr\u00eancia foi registrada.<\/h3>\n<h3 style=\"text-align: justify;\">As buscas pelos suspeitos continuam, e a Pol\u00edcia Militar mant\u00e9m o policiamento na regi\u00e3o.<\/h3>\n","protected":false},"excerpt":{"rendered":"<p>A Pol\u00edcia Militar apreendeu uma lancha e mais de 2 kg de drogas ap\u00f3s uma intensa troca de tiros com um grupo de criminosos armados na regi\u00e3o do Dend\u00ea, em Camamu, no baixo sul da Bahia. A ocorr\u00eancia foi registrada nesta quarta-feira (2).<\/p>\n","protected":false},"author":3,"featured_media":2138,"comment_status":"closed","ping_status":"closed","sticky":false,"template":"","format":"standard","meta":{"_links_to":"","_links_to_target":""},"categories":[11,8],"tags":[],"_links":{"self":[{"href":"https:\/\/www.namira.blog.br\/v1\/wp-json\/wp\/v2\/posts\/2137"}],"collection":[{"href":"https:\/\/www.namira.blog.br\/v1\/wp-json\/wp\/v2\/posts"}],"about":[{"href":"https:\/\/www.namira.blog.br\/v1\/wp-json\/wp\/v2\/types\/post"}],"author":[{"embeddable":true,"href":"https:\/\/www.namira.blog.br\/v1\/wp-json\/wp\/v2\/users\/3"}],"replies":[{"embeddable":true,"href":"https:\/\/www.namira.blog.br\/v1\/wp-json\/wp\/v2\/comments?post=2137"}],"version-history":[{"count":1,"href":"https:\/\/www.namira.blog.br\/v1\/wp-json\/wp\/v2\/posts\/2137\/revisions"}],"predecessor-version":[{"id":2139,"href":"https:\/\/www.namira.blog.br\/v1\/wp-json\/wp\/v2\/posts\/2137\/revisions\/2139"}],"wp:featuredmedia":[{"embeddable":true,"href":"https:\/\/www.namira.blog.br\/v1\/wp-json\/wp\/v2\/media\/2138"}],"wp:attachment":[{"href":"https:\/\/www.namira.blog.br\/v1\/wp-json\/wp\/v2\/media?parent=2137"}],"wp:term":[{"taxonomy":"category","embeddable":true,"href":"https:\/\/www.namira.blog.br\/v1\/wp-json\/wp\/v2\/categories?post=2137"},{"taxonomy":"post_tag","embeddable":true,"href":"https:\/\/www.namira.blog.br\/v1\/wp-json\/wp\/v2\/tags?post=2137"}],"curies":[{"name":"wp","href":"https:\/\/api.w.org\/{rel}","templated":true}]}}