{"id":2149,"date":"2026-09-04T20:12:17","date_gmt":"2026-09-04T23:12:17","guid":{"rendered":"https:\/\/www.namira.blog.br\/v1\/?p=2149"},"modified":"2026-09-04T20:28:55","modified_gmt":"2026-09-04T23:28:55","slug":"itabuna-vira-mar-vermelho-com-mais-de-20-mil-pessoas-ao-lado-de-jeronimo-rui-costa-e-jaques-wagner","status":"publish","type":"post","link":"https:\/\/www.namira.blog.br\/v1\/2026\/09\/04\/itabuna-vira-mar-vermelho-com-mais-de-20-mil-pessoas-ao-lado-de-jeronimo-rui-costa-e-jaques-wagner\/","title":{"rendered":"Itabuna vira mar vermelho com mais de 20 mil pessoas ao lado de Jer\u00f4nimo, Rui Costa e Jaques Wagner"},"content":{"rendered":"<h1><img loading=\"lazy\" class=\"wp-image-2153 size-large aligncenter\" src=\"http:\/\/www.namira.blog.br\/v1\/wp-content\/uploads\/2026\/09\/WhatsApp-Image-2026-09-04-at-20.-600x800.jpg\" alt=\"\" width=\"600\" height=\"800\" srcset=\"https:\/\/www.namira.blog.br\/v1\/wp-content\/uploads\/2026\/09\/WhatsApp-Image-2026-09-04-at-20..jpg 600w, https:\/\/www.namira.blog.br\/v1\/wp-content\/uploads\/2026\/09\/WhatsApp-Image-2026-09-04-at-20.-225x300.jpg 225w\" sizes=\"(max-width: 600px) 100vw, 600px\" \/><\/h1>\n<h3><\/h3>\n<h3 style=\"text-align: justify;\">Campanha afirma que mais de 20 mil pessoas participaram de caminhada pelas ruas do munic\u00edpio nesta sexta-feira (4).<\/h3>\n<h3 style=\"text-align: justify;\">A campanha do governador e candidato \u00e0 reelei\u00e7\u00e3o Jer\u00f4nimo Rodrigues (PT) afirmou que mais de 20 mil pessoas participaram de uma grande caminhada pelas ruas de Itabuna, nesta sexta-feira (4). O ato reuniu o chamado Time de Lula, al\u00e9m dos candidatos ao Senado Rui Costa e Jaques Wagner, e foi apresentado pela organiza\u00e7\u00e3o como uma das maiores mobiliza\u00e7\u00f5es da campanha na regi\u00e3o.<\/h3>\n<p><!--more--><\/p>\n<h3 style=\"text-align: justify;\">A concentra\u00e7\u00e3o transformou as principais vias da cidade em um mar de bandeiras vermelhas, reunindo apoiadores, lideran\u00e7as pol\u00edticas e militantes em um percurso marcado por manifesta\u00e7\u00f5es de apoio \u00e0s candidaturas do grupo.<\/h3>\n<h3 style=\"text-align: justify;\">Durante o evento, Jer\u00f4nimo Rodrigues destacou o tamanho da mobiliza\u00e7\u00e3o e afirmou que a participa\u00e7\u00e3o popular demonstra o crescimento da campanha e o engajamento da popula\u00e7\u00e3o no processo eleitoral.<\/h3>\n<p>&#8220;Olha o tamanho dessa caminhada. \u00c9 o povo vindo para a rua, trazendo sua energia, sua esperan\u00e7a e dizendo que quer continuar avan\u00e7ando. Uma caminhada desse tamanho n\u00e3o se constr\u00f3i de cima para baixo. Ela nasce do sentimento das pessoas e da vontade de ver a Bahia seguir em frente&#8221;, declarou.<\/p>\n<h3 style=\"text-align: justify;\">Segundo o governador, a presen\u00e7a de milhares de apoiadores em Itabuna tamb\u00e9m evidencia a articula\u00e7\u00e3o pol\u00edtica do grupo que re\u00fane lideran\u00e7as municipais, estaduais e federais em torno da continuidade do projeto de governo.<\/h3>\n<p>&#8220;Hoje Itabuna deu um recado muito forte. Essa multid\u00e3o n\u00e3o veio apenas para caminhar, veio para mostrar que existe um time mobilizado, que tem lado e que sabe o que quer para a Bahia. Quando a rua responde dessa forma, a gente percebe que a nossa mensagem est\u00e1 chegando e que a campanha est\u00e1 ganhando cada vez mais for\u00e7a&#8221;, afirmou.<\/p>\n<h3 style=\"text-align: justify;\">A caminhada integra a agenda da campanha de Jer\u00f4nimo Rodrigues pelo interior baiano, que tem intensificado a realiza\u00e7\u00e3o de atos p\u00fablicos em diferentes regi\u00f5es do estado na reta final da mobiliza\u00e7\u00e3o eleitoral.<\/h3>\n","protected":false},"excerpt":{"rendered":"<p>Campanha afirma que mais de 20 mil pessoas participaram de caminhada pelas ruas do munic\u00edpio nesta sexta-feira (4). A campanha do governador e candidato \u00e0 reelei\u00e7\u00e3o Jer\u00f4nimo Rodrigues (PT) afirmou que mais de 20 mil pessoas participaram de uma grande caminhada pelas ruas de Itabuna, nesta sexta-feira (4). O ato reuniu o chamado Time de [&hellip;]<\/p>\n","protected":false},"author":3,"featured_media":2153,"comment_status":"closed","ping_status":"closed","sticky":false,"template":"","format":"standard","meta":{"_links_to":"","_links_to_target":""},"categories":[11,2,10],"tags":[],"_links":{"self":[{"href":"https:\/\/www.namira.blog.br\/v1\/wp-json\/wp\/v2\/posts\/2149"}],"collection":[{"href":"https:\/\/www.namira.blog.br\/v1\/wp-json\/wp\/v2\/posts"}],"about":[{"href":"https:\/\/www.namira.blog.br\/v1\/wp-json\/wp\/v2\/types\/post"}],"author":[{"embeddable":true,"href":"https:\/\/www.namira.blog.br\/v1\/wp-json\/wp\/v2\/users\/3"}],"replies":[{"embeddable":true,"href":"https:\/\/www.namira.blog.br\/v1\/wp-json\/wp\/v2\/comments?post=2149"}],"version-history":[{"count":3,"href":"https:\/\/www.namira.blog.br\/v1\/wp-json\/wp\/v2\/posts\/2149\/revisions"}],"predecessor-version":[{"id":2152,"href":"https:\/\/www.namira.blog.br\/v1\/wp-json\/wp\/v2\/posts\/2149\/revisions\/2152"}],"wp:featuredmedia":[{"embeddable":true,"href":"https:\/\/www.namira.blog.br\/v1\/wp-json\/wp\/v2\/media\/2153"}],"wp:attachment":[{"href":"https:\/\/www.namira.blog.br\/v1\/wp-json\/wp\/v2\/media?parent=2149"}],"wp:term":[{"taxonomy":"category","embeddable":true,"href":"https:\/\/www.namira.blog.br\/v1\/wp-json\/wp\/v2\/categories?post=2149"},{"taxonomy":"post_tag","embeddable":true,"href":"https:\/\/www.namira.blog.br\/v1\/wp-json\/wp\/v2\/tags?post=2149"}],"curies":[{"name":"wp","href":"https:\/\/api.w.org\/{rel}","templated":true}]}}