{"id":2156,"date":"2026-09-05T15:10:44","date_gmt":"2026-09-05T18:10:44","guid":{"rendered":"https:\/\/www.namira.blog.br\/v1\/?p=2156"},"modified":"2026-09-05T15:10:44","modified_gmt":"2026-09-05T18:10:44","slug":"funcionarios-denunciam-suposto-assedio-moral-durante-revista-de-pertences-apos-evento-em-pocoes","status":"publish","type":"post","link":"https:\/\/www.namira.blog.br\/v1\/2026\/09\/05\/funcionarios-denunciam-suposto-assedio-moral-durante-revista-de-pertences-apos-evento-em-pocoes\/","title":{"rendered":"Funcion\u00e1rios denunciam suposto ass\u00e9dio moral durante revista de pertences ap\u00f3s evento em Po\u00e7\u00f5es"},"content":{"rendered":"<p><img loading=\"lazy\" class=\"wp-image-2157 size-full aligncenter\" src=\"http:\/\/www.namira.blog.br\/v1\/wp-content\/uploads\/2026\/09\/frame-2831.jpg\" alt=\"\" width=\"450\" height=\"800\" srcset=\"https:\/\/www.namira.blog.br\/v1\/wp-content\/uploads\/2026\/09\/frame-2831.jpg 450w, https:\/\/www.namira.blog.br\/v1\/wp-content\/uploads\/2026\/09\/frame-2831-169x300.jpg 169w\" sizes=\"(max-width: 450px) 100vw, 450px\" \/><\/p>\n<h3 style=\"text-align: justify;\">A reda\u00e7\u00e3o do site NA MIRA, recebeu uma den\u00fancia de suposto ass\u00e9dio moral envolvendo a empresa <strong>Impactos 7 Seguran\u00e7a<\/strong>, sediada em <strong>Ibicara\u00ed<\/strong>, no sul da Bahia. Segundo o relato, trabalhadores contratados pela empresa teriam sido submetidos \u00e0 revista de malas e bolsas ap\u00f3s atuarem na seguran\u00e7a de uma festa p\u00fablica realizada no munic\u00edpio de <strong>Po\u00e7\u00f5es<\/strong>, no fim de maio.<!--more--><\/h3>\n<h3 style=\"text-align: justify;\"><img loading=\"lazy\" class=\"wp-image-2158 size-full aligncenter\" src=\"http:\/\/www.namira.blog.br\/v1\/wp-content\/uploads\/2026\/09\/frame-1141.jpg\" alt=\"\" width=\"450\" height=\"800\" srcset=\"https:\/\/www.namira.blog.br\/v1\/wp-content\/uploads\/2026\/09\/frame-1141.jpg 450w, https:\/\/www.namira.blog.br\/v1\/wp-content\/uploads\/2026\/09\/frame-1141-169x300.jpg 169w\" sizes=\"(max-width: 450px) 100vw, 450px\" \/>De acordo com a den\u00fancia, a revista teria ocorrido ao t\u00e9rmino do evento, quando os agentes j\u00e1 deixavam o alojamento utilizado durante o per\u00edodo de trabalho. Conforme os relatos encaminhados \u00e0 produ\u00e7\u00e3o, a empresa teria solicitado que os funcion\u00e1rios abrissem seus pertences para verificar se algu\u00e9m havia levado talheres utilizados durante a hospedagem.<\/h3>\n<h3 style=\"text-align: justify;\">Ainda segundo a den\u00fancia, a medida teria sido motivada por uma reclama\u00e7\u00e3o sobre o desaparecimento de talheres pertencentes ao alojamento disponibilizado pela Prefeitura. No entanto, ap\u00f3s a inspe\u00e7\u00e3o dos pertences dos trabalhadores, nenhum objeto teria sido encontrado.<\/h3>\n<h3 style=\"text-align: justify;\">Os denunciantes afirmam que o epis\u00f3dio provocou constrangimento entre os profissionais e que alguns deles ainda se sentem humilhados pela situa\u00e7\u00e3o, classificando a abordagem como um caso de ass\u00e9dio moral.<\/h3>\n<h3 style=\"text-align: justify;\">A empresa Impactos 7 Seguran\u00e7a \u00e9 apontada na den\u00fancia como pertencente ao empres\u00e1rio <strong>Patrick Barbosa<\/strong>.<\/h3>\n<h3 style=\"text-align: justify;\">Espa\u00e7o aberto para manifesta\u00e7\u00e3o<\/h3>\n<h3 style=\"text-align: justify;\">A reda\u00e7\u00e3o ressalta que a den\u00fancia reflete o relato apresentado pelos trabalhadores e que n\u00e3o houve, at\u00e9 o momento, posicionamento da empresa sobre o caso.<\/h3>\n<h3 style=\"text-align: justify;\">O espa\u00e7o permanece aberto para que a <strong>Impactos 7 Seguran\u00e7a<\/strong> e seus representantes apresentem esclarecimentos ou sua vers\u00e3o dos fatos, em respeito ao princ\u00edpio do contradit\u00f3rio e da ampla defesa.<\/h3>\n","protected":false},"excerpt":{"rendered":"<p>A reda\u00e7\u00e3o do site NA MIRA, recebeu uma den\u00fancia de suposto ass\u00e9dio moral envolvendo a empresa Impactos 7 Seguran\u00e7a, sediada em Ibicara\u00ed, no sul da Bahia. Segundo o relato, trabalhadores contratados pela empresa teriam sido submetidos \u00e0 revista de malas e bolsas ap\u00f3s atuarem na seguran\u00e7a de uma festa p\u00fablica realizada no munic\u00edpio de Po\u00e7\u00f5es, [&hellip;]<\/p>\n","protected":false},"author":3,"featured_media":2158,"comment_status":"closed","ping_status":"closed","sticky":false,"template":"","format":"standard","meta":{"_links_to":"","_links_to_target":""},"categories":[11,4,35],"tags":[],"_links":{"self":[{"href":"https:\/\/www.namira.blog.br\/v1\/wp-json\/wp\/v2\/posts\/2156"}],"collection":[{"href":"https:\/\/www.namira.blog.br\/v1\/wp-json\/wp\/v2\/posts"}],"about":[{"href":"https:\/\/www.namira.blog.br\/v1\/wp-json\/wp\/v2\/types\/post"}],"author":[{"embeddable":true,"href":"https:\/\/www.namira.blog.br\/v1\/wp-json\/wp\/v2\/users\/3"}],"replies":[{"embeddable":true,"href":"https:\/\/www.namira.blog.br\/v1\/wp-json\/wp\/v2\/comments?post=2156"}],"version-history":[{"count":1,"href":"https:\/\/www.namira.blog.br\/v1\/wp-json\/wp\/v2\/posts\/2156\/revisions"}],"predecessor-version":[{"id":2159,"href":"https:\/\/www.namira.blog.br\/v1\/wp-json\/wp\/v2\/posts\/2156\/revisions\/2159"}],"wp:featuredmedia":[{"embeddable":true,"href":"https:\/\/www.namira.blog.br\/v1\/wp-json\/wp\/v2\/media\/2158"}],"wp:attachment":[{"href":"https:\/\/www.namira.blog.br\/v1\/wp-json\/wp\/v2\/media?parent=2156"}],"wp:term":[{"taxonomy":"category","embeddable":true,"href":"https:\/\/www.namira.blog.br\/v1\/wp-json\/wp\/v2\/categories?post=2156"},{"taxonomy":"post_tag","embeddable":true,"href":"https:\/\/www.namira.blog.br\/v1\/wp-json\/wp\/v2\/tags?post=2156"}],"curies":[{"name":"wp","href":"https:\/\/api.w.org\/{rel}","templated":true}]}}