{"id":258,"date":"2022-03-31T19:36:18","date_gmt":"2022-03-31T22:36:18","guid":{"rendered":"http:\/\/www.namira.blog.br\/v1\/?p=258"},"modified":"2022-04-08T15:50:23","modified_gmt":"2022-04-08T18:50:23","slug":"fizemos-alianca-com-o-mdb-nao-com-geddel-diz-robinson-almeida","status":"publish","type":"post","link":"https:\/\/www.namira.blog.br\/v1\/2022\/03\/31\/fizemos-alianca-com-o-mdb-nao-com-geddel-diz-robinson-almeida\/","title":{"rendered":"Fizemos alian\u00e7a com o MDB, n\u00e3o com Geddel\u2019, diz Robinson Almeida"},"content":{"rendered":"<p><img loading=\"lazy\" class=\"alignnone size-full wp-image-259\" src=\"http:\/\/www.namira.blog.br\/v1\/wp-content\/uploads\/2022\/03\/robson-almeida-pt.jpg\" alt=\"\" width=\"600\" height=\"420\" srcset=\"https:\/\/www.namira.blog.br\/v1\/wp-content\/uploads\/2022\/03\/robson-almeida-pt.jpg 600w, https:\/\/www.namira.blog.br\/v1\/wp-content\/uploads\/2022\/03\/robson-almeida-pt-300x210.jpg 300w\" sizes=\"(max-width: 600px) 100vw, 600px\" \/><\/p>\n<p>O deputado estadual Robinson Almeida rebateu as cr\u00edticas feitas ao PT por firmar alian\u00e7a com o MDB, partido do ex-ministro da Integra\u00e7\u00e3o Geddel Vieira Lima, que cumpriu pena por lavagem de dinheiro ap\u00f3s a pol\u00edcia encontrar R$ 51 milh\u00f5es em notas em um apartamento dele em Salvador, em 2017.<\/p>\n<p>Segundo Robinson, a uni\u00e3o \u00e9 com o partido, n\u00e3o significa que a alian\u00e7a seja com Geddel. \u201cCada um paga pelos seus erros. Creio que o ex-ministro j\u00e1 foi condenado e pagou. Fi um erro que ele teve que assumir publicamente. N\u00f3s fizemos uma alian\u00e7a n\u00e3o foi com uma pessoa, foi com um partido pol\u00edtico, em cima de um programa que indicou um candidato a vice governador. Esse foi o par\u00e2metro para essa alian\u00e7a\u201d, disse em entrevista ao bahia.ba, durante o lan\u00e7amento da pr\u00e9-candidatura de Jer\u00f4nimo ao governo do estado.<\/p>\n<p>Ainda de acordo com o petista, o MDB retornou para o projeto original. \u201cEle [Geraldo Junior] j\u00e1 esteve j\u00e1 como candidato a vice na elei\u00e7\u00e3o de Wagner e depois desse per\u00edodo de desencontro, entendeu que aqui \u00e9 o melhor lugar para fazer a caminhada e dar continuidade ao projeto vitorioso liderado pelo governador Rui Costa e pelo senador Jaques Wagner\u201d.<\/p>\n","protected":false},"excerpt":{"rendered":"<p>O deputado estadual Robinson Almeida rebateu as cr\u00edticas feitas ao PT por firmar alian\u00e7a com o MDB, partido do ex-ministro da Integra\u00e7\u00e3o Geddel Vieira Lima, que cumpriu pena por lavagem de dinheiro ap\u00f3s a pol\u00edcia encontrar R$ 51 milh\u00f5es em notas em um apartamento dele em Salvador, em 2017. Segundo Robinson, a uni\u00e3o \u00e9 com [&hellip;]<\/p>\n","protected":false},"author":1,"featured_media":259,"comment_status":"closed","ping_status":"closed","sticky":false,"template":"","format":"standard","meta":{"_links_to":"","_links_to_target":""},"categories":[1,10],"tags":[],"_links":{"self":[{"href":"https:\/\/www.namira.blog.br\/v1\/wp-json\/wp\/v2\/posts\/258"}],"collection":[{"href":"https:\/\/www.namira.blog.br\/v1\/wp-json\/wp\/v2\/posts"}],"about":[{"href":"https:\/\/www.namira.blog.br\/v1\/wp-json\/wp\/v2\/types\/post"}],"author":[{"embeddable":true,"href":"https:\/\/www.namira.blog.br\/v1\/wp-json\/wp\/v2\/users\/1"}],"replies":[{"embeddable":true,"href":"https:\/\/www.namira.blog.br\/v1\/wp-json\/wp\/v2\/comments?post=258"}],"version-history":[{"count":1,"href":"https:\/\/www.namira.blog.br\/v1\/wp-json\/wp\/v2\/posts\/258\/revisions"}],"predecessor-version":[{"id":260,"href":"https:\/\/www.namira.blog.br\/v1\/wp-json\/wp\/v2\/posts\/258\/revisions\/260"}],"wp:featuredmedia":[{"embeddable":true,"href":"https:\/\/www.namira.blog.br\/v1\/wp-json\/wp\/v2\/media\/259"}],"wp:attachment":[{"href":"https:\/\/www.namira.blog.br\/v1\/wp-json\/wp\/v2\/media?parent=258"}],"wp:term":[{"taxonomy":"category","embeddable":true,"href":"https:\/\/www.namira.blog.br\/v1\/wp-json\/wp\/v2\/categories?post=258"},{"taxonomy":"post_tag","embeddable":true,"href":"https:\/\/www.namira.blog.br\/v1\/wp-json\/wp\/v2\/tags?post=258"}],"curies":[{"name":"wp","href":"https:\/\/api.w.org\/{rel}","templated":true}]}}