{"id":261,"date":"2022-03-31T19:43:26","date_gmt":"2022-03-31T22:43:26","guid":{"rendered":"https:\/\/www.namira.blog.br\/v1\/?p=261"},"modified":"2022-03-31T19:43:26","modified_gmt":"2022-03-31T22:43:26","slug":"bahia-destina-mais-de-r-233-milhoes-para-a-ampliacao-da-alimentacao-escolar-na-rede-estadual","status":"publish","type":"post","link":"https:\/\/www.namira.blog.br\/v1\/2022\/03\/31\/bahia-destina-mais-de-r-233-milhoes-para-a-ampliacao-da-alimentacao-escolar-na-rede-estadual\/","title":{"rendered":"Bahia destina mais de R$ 233 milh\u00f5es para a amplia\u00e7\u00e3o da alimenta\u00e7\u00e3o escolar na rede estadual"},"content":{"rendered":"<p><img loading=\"lazy\" class=\"alignnone size-full wp-image-262\" src=\"http:\/\/www.namira.blog.br\/v1\/wp-content\/uploads\/2022\/03\/merenda-rede-escolar.jpg\" alt=\"\" width=\"600\" height=\"400\" srcset=\"https:\/\/www.namira.blog.br\/v1\/wp-content\/uploads\/2022\/03\/merenda-rede-escolar.jpg 600w, https:\/\/www.namira.blog.br\/v1\/wp-content\/uploads\/2022\/03\/merenda-rede-escolar-300x200.jpg 300w\" sizes=\"(max-width: 600px) 100vw, 600px\" \/><\/p>\n<p>O Governo do Estado destinou R$ 233,8 milh\u00f5es para a amplia\u00e7\u00e3o da alimenta\u00e7\u00e3o escolar na rede estadual de ensino para o ano letivo de 2022. Desde 2019, a Secretaria da Educa\u00e7\u00e3o do Estado (SEC) vem ampliando os recursos destinados \u00e0 alimenta\u00e7\u00e3o escolar e, a partir de 2021, com a retomada das aulas nas escolas, os estudantes passaram a receber uma alimenta\u00e7\u00e3o a mais por turno. A iniciativa visa contribuir para a seguran\u00e7a alimentar e nutricional dos estudantes da rede estadual por meio da oferta de uma alimenta\u00e7\u00e3o ainda mais refor\u00e7ada, diversificada e de alto valor nutritivo.<\/p>\n<p>A SEC tamb\u00e9m vem desenvolvendo a capacita\u00e7\u00e3o das merendeiras e contratando nutricionistas que elaboram um card\u00e1pio regionalizado para os estudantes, aproveitando as culturas locais e movimentando a economia por toda a Bahia. Al\u00e9m disso, tamb\u00e9m s\u00e3o adquiridos g\u00eaneros aliment\u00edcios oriundos da Agricultura Familiar, a exemplo de frutas, legumes e verduras livres de agrot\u00f3xicos, o que torna a alimenta\u00e7\u00e3o ainda mais saud\u00e1vel e segura.<\/p>\n<p><!--more--><\/p>\n<p>A superintendente de Planejamento Operacional da Rede Escolar, Suely de Miranda, falou sobre a import\u00e2ncia dos investimentos. \u201cCom esse recurso, ser\u00e1 garantido aos estudantes matriculados na rede estadual duas refei\u00e7\u00f5es para os que estudam em tempo parcial e tr\u00eas para os de tempo integral. O valor pode ser utilizado para a aquisi\u00e7\u00e3o de g\u00eaneros da Agricultura Familiar na sua totalidade, fomentando a produ\u00e7\u00e3o e a economia locais e melhorando a qualidade da alimenta\u00e7\u00e3o servida nas escolas. J\u00e1 est\u00e1 em andamento a contrata\u00e7\u00e3o proveniente da chamada p\u00fablica para a Agricultura Familiar, um investimento da ordem de mais de R$ 17 milh\u00f5es\u201d.<\/p>\n<p>Segundo a coordenadora de Alimenta\u00e7\u00e3o Escolar, C\u00e9lia Maria Mendes, atualmente a SEC tem no seu quadro t\u00e9cnico 47 nutricionistas, abrangendo os 27 N\u00facleos Territoriais de Educa\u00e7\u00e3o (NTEs), atuando no \u00e2mbito do Programa Nacional de Alimenta\u00e7\u00e3o Escolar (Pnae). \u201cA elabora\u00e7\u00e3o dos card\u00e1pios dos programas de alimenta\u00e7\u00e3o escolar, sob a responsabilidade dos estados e munic\u00edpios, ocorre atrav\u00e9s de nutricionista capacitado respeitando os h\u00e1bitos alimentares de cada localidade e sua voca\u00e7\u00e3o agr\u00edcola. Dentre as atribui\u00e7\u00f5es, destacam-se: fazer a avalia\u00e7\u00e3o nutricional dos alunos; acompanhar a aquisi\u00e7\u00e3o dos alimentos, a prepara\u00e7\u00e3o das refei\u00e7\u00f5es e sua distribui\u00e7\u00e3o aos alunos; capacitar os manipuladores de alimentos; e promover a educa\u00e7\u00e3o nutricional, buscando apoiar e incentivar pr\u00e1ticas alimentares saud\u00e1veis no \u00e2mbito individual e coletivo\u201d, disse.<\/p>\n<p><strong><em>Fonte: Ascom\/SEC<\/em><\/strong><\/p>\n","protected":false},"excerpt":{"rendered":"<p>O Governo do Estado destinou R$ 233,8 milh\u00f5es para a amplia\u00e7\u00e3o da alimenta\u00e7\u00e3o escolar na rede estadual de ensino para o ano letivo de 2022. Desde 2019, a Secretaria da Educa\u00e7\u00e3o do Estado (SEC) vem ampliando os recursos destinados \u00e0 alimenta\u00e7\u00e3o escolar e, a partir de 2021, com a retomada das aulas nas escolas, os [&hellip;]<\/p>\n","protected":false},"author":1,"featured_media":262,"comment_status":"closed","ping_status":"closed","sticky":false,"template":"","format":"standard","meta":{"_links_to":"","_links_to_target":""},"categories":[11,2,5,10],"tags":[],"_links":{"self":[{"href":"https:\/\/www.namira.blog.br\/v1\/wp-json\/wp\/v2\/posts\/261"}],"collection":[{"href":"https:\/\/www.namira.blog.br\/v1\/wp-json\/wp\/v2\/posts"}],"about":[{"href":"https:\/\/www.namira.blog.br\/v1\/wp-json\/wp\/v2\/types\/post"}],"author":[{"embeddable":true,"href":"https:\/\/www.namira.blog.br\/v1\/wp-json\/wp\/v2\/users\/1"}],"replies":[{"embeddable":true,"href":"https:\/\/www.namira.blog.br\/v1\/wp-json\/wp\/v2\/comments?post=261"}],"version-history":[{"count":1,"href":"https:\/\/www.namira.blog.br\/v1\/wp-json\/wp\/v2\/posts\/261\/revisions"}],"predecessor-version":[{"id":263,"href":"https:\/\/www.namira.blog.br\/v1\/wp-json\/wp\/v2\/posts\/261\/revisions\/263"}],"wp:featuredmedia":[{"embeddable":true,"href":"https:\/\/www.namira.blog.br\/v1\/wp-json\/wp\/v2\/media\/262"}],"wp:attachment":[{"href":"https:\/\/www.namira.blog.br\/v1\/wp-json\/wp\/v2\/media?parent=261"}],"wp:term":[{"taxonomy":"category","embeddable":true,"href":"https:\/\/www.namira.blog.br\/v1\/wp-json\/wp\/v2\/categories?post=261"},{"taxonomy":"post_tag","embeddable":true,"href":"https:\/\/www.namira.blog.br\/v1\/wp-json\/wp\/v2\/tags?post=261"}],"curies":[{"name":"wp","href":"https:\/\/api.w.org\/{rel}","templated":true}]}}