{"id":264,"date":"2022-03-31T19:47:01","date_gmt":"2022-03-31T22:47:01","guid":{"rendered":"https:\/\/www.namira.blog.br\/v1\/?p=264"},"modified":"2022-04-08T15:49:22","modified_gmt":"2022-04-08T18:49:22","slug":"sergio-moro-desiste-de-candidatura-a-presidencia-neste-momento","status":"publish","type":"post","link":"https:\/\/www.namira.blog.br\/v1\/2022\/03\/31\/sergio-moro-desiste-de-candidatura-a-presidencia-neste-momento\/","title":{"rendered":"Sergio Moro desiste de candidatura \u00e0 Presid\u00eancia \u201cneste momento\u201d"},"content":{"rendered":"<p><img loading=\"lazy\" class=\"alignnone size-full wp-image-265\" src=\"http:\/\/www.namira.blog.br\/v1\/wp-content\/uploads\/2022\/03\/sergio-moro.jpg\" alt=\"\" width=\"600\" height=\"359\" srcset=\"https:\/\/www.namira.blog.br\/v1\/wp-content\/uploads\/2022\/03\/sergio-moro.jpg 600w, https:\/\/www.namira.blog.br\/v1\/wp-content\/uploads\/2022\/03\/sergio-moro-300x180.jpg 300w\" sizes=\"(max-width: 600px) 100vw, 600px\" \/><\/p>\n<p>O ex-juiz Sergio Moro desistiu nesta quinta-feira (31) da sua pr\u00e9-candidatura \u00e0 Presid\u00eancia da Rep\u00fablica \u201cneste momento\u201d. Mais cedo, ele havia assinado a ficha de filia\u00e7\u00e3o ao partido Uni\u00e3o Brasil.<\/p>\n<p>Moro se reuniu com dirigentes da sigla em um hotel na capital paulista hoje para cravar sua decis\u00e3o. A movimenta\u00e7\u00e3o para a mudan\u00e7a j\u00e1 havia sido informada pela \u00e2ncora da CNN, Daniela Lima, ap\u00f3s uma reuni\u00e3o entre Moro e Luciano Bivar, presidente nacional do Uni\u00e3o Brasil.<\/p>\n<p>O Uni\u00e3o Brasil, partido que foi originado da fus\u00e3o do PSL com o DEM, mant\u00e9m di\u00e1logos com o PSDB, de Jo\u00e3o Doria (pr\u00e9-candidato ao Planalto) e o MDB (que tem Simone Tebet como pr\u00e9-candidata) para buscar uma candidatura \u00fanica alternativa ao presidente Jair Bolsonaro (PL) e ao ex-presidente Luiz In\u00e1cio Lula da Silva (PT).<\/p>\n","protected":false},"excerpt":{"rendered":"<p>O ex-juiz Sergio Moro desistiu nesta quinta-feira (31) da sua pr\u00e9-candidatura \u00e0 Presid\u00eancia da Rep\u00fablica \u201cneste momento\u201d. Mais cedo, ele havia assinado a ficha de filia\u00e7\u00e3o ao partido Uni\u00e3o Brasil. Moro se reuniu com dirigentes da sigla em um hotel na capital paulista hoje para cravar sua decis\u00e3o. A movimenta\u00e7\u00e3o para a mudan\u00e7a j\u00e1 havia [&hellip;]<\/p>\n","protected":false},"author":1,"featured_media":265,"comment_status":"closed","ping_status":"closed","sticky":false,"template":"","format":"standard","meta":{"_links_to":"","_links_to_target":""},"categories":[9,10],"tags":[],"_links":{"self":[{"href":"https:\/\/www.namira.blog.br\/v1\/wp-json\/wp\/v2\/posts\/264"}],"collection":[{"href":"https:\/\/www.namira.blog.br\/v1\/wp-json\/wp\/v2\/posts"}],"about":[{"href":"https:\/\/www.namira.blog.br\/v1\/wp-json\/wp\/v2\/types\/post"}],"author":[{"embeddable":true,"href":"https:\/\/www.namira.blog.br\/v1\/wp-json\/wp\/v2\/users\/1"}],"replies":[{"embeddable":true,"href":"https:\/\/www.namira.blog.br\/v1\/wp-json\/wp\/v2\/comments?post=264"}],"version-history":[{"count":1,"href":"https:\/\/www.namira.blog.br\/v1\/wp-json\/wp\/v2\/posts\/264\/revisions"}],"predecessor-version":[{"id":266,"href":"https:\/\/www.namira.blog.br\/v1\/wp-json\/wp\/v2\/posts\/264\/revisions\/266"}],"wp:featuredmedia":[{"embeddable":true,"href":"https:\/\/www.namira.blog.br\/v1\/wp-json\/wp\/v2\/media\/265"}],"wp:attachment":[{"href":"https:\/\/www.namira.blog.br\/v1\/wp-json\/wp\/v2\/media?parent=264"}],"wp:term":[{"taxonomy":"category","embeddable":true,"href":"https:\/\/www.namira.blog.br\/v1\/wp-json\/wp\/v2\/categories?post=264"},{"taxonomy":"post_tag","embeddable":true,"href":"https:\/\/www.namira.blog.br\/v1\/wp-json\/wp\/v2\/tags?post=264"}],"curies":[{"name":"wp","href":"https:\/\/api.w.org\/{rel}","templated":true}]}}