{"id":276,"date":"2022-04-02T17:46:34","date_gmt":"2022-04-02T20:46:34","guid":{"rendered":"https:\/\/www.namira.blog.br\/v1\/?p=276"},"modified":"2022-04-04T14:44:45","modified_gmt":"2022-04-04T17:44:45","slug":"bahia-sem-mascaras-contra-a-covid-19","status":"publish","type":"post","link":"https:\/\/www.namira.blog.br\/v1\/2022\/04\/02\/bahia-sem-mascaras-contra-a-covid-19\/","title":{"rendered":"BAHIA SEM M\u00c1SCARAS CONTRA A COVID-19"},"content":{"rendered":"\r\n<p><img class=\"aligncenter\" src=\"https:\/\/correio-cdn2.cworks.cloud\/fileadmin\/_processed_\/b\/c\/csm_csm_csm_Rui_Costa_Coletiva_Rosto_Rafael_Jambeiro_0607_Paula_Froes_GOVBA_1_2-scaled_7ed77b78a1_d33429b435_3040528403.jpg\" alt=\"Rui Costa desobriga uso de m\u00e1scara em locais abertos na Bahia\" \/><\/p>\r\n<h3 style=\"text-align: left;\">Em v\u00eddeo divulgado nas redes sociais o Governador Rui Costa anunciou que vai assinar neste s\u00e1bado (2), o decreto que libera uso de m\u00e1scaras em espa\u00e7os abertos em todo o Estado da Bahia. \u201cRecebemos o parecer dos t\u00e9cnicos da Secretaria de Sa\u00fade que recomendaram a libera\u00e7\u00e3o das m\u00e1scaras em \u00e1reas abertas no Estado da Bahia. Em espa\u00e7os abertos, nas ruas, inclusive em est\u00e1dio de futebol\u201d, disse Rui. O governador ainda afirmou que conta com o apoio da popula\u00e7\u00e3o para o estado seguir atingindo os \u00edndices de vacina\u00e7\u00e3o. \u201cEsperamos contar com voc\u00ea para seguir com a vacina\u00e7\u00e3o. Vacinar \u00e9 o grande rem\u00e9dio, \u00e9 a grande solu\u00e7\u00e3o para a gente mandar embora de vez esse v\u00edrus\u201d. Em locais fechados o uso de m\u00e1scara continua obrigat\u00f3rio e n\u00e3o h\u00e1 previs\u00e3o de libera\u00e7\u00e3o. \u201c[O uso de m\u00e1scaras] permanece em ambientes fechados, principalmente, em \u00e1reas confiadas como \u00f4nibus, metr\u00f4 e elevador onde o v\u00edrus transmite mais facilmente\u201d, conclui.<\/h3>\r\n","protected":false},"excerpt":{"rendered":"<p>Em v\u00eddeo divulgado nas redes sociais o Governador Rui Costa anunciou que vai assinar neste s\u00e1bado (2), o decreto que libera uso de m\u00e1scaras em espa\u00e7os abertos em todo o Estado da Bahia. \u201cRecebemos o parecer dos t\u00e9cnicos da Secretaria de Sa\u00fade que recomendaram a libera\u00e7\u00e3o das m\u00e1scaras em \u00e1reas abertas no Estado da Bahia. [&hellip;]<\/p>\n","protected":false},"author":3,"featured_media":294,"comment_status":"closed","ping_status":"closed","sticky":false,"template":"","format":"standard","meta":{"_links_to":"","_links_to_target":""},"categories":[11,1],"tags":[],"_links":{"self":[{"href":"https:\/\/www.namira.blog.br\/v1\/wp-json\/wp\/v2\/posts\/276"}],"collection":[{"href":"https:\/\/www.namira.blog.br\/v1\/wp-json\/wp\/v2\/posts"}],"about":[{"href":"https:\/\/www.namira.blog.br\/v1\/wp-json\/wp\/v2\/types\/post"}],"author":[{"embeddable":true,"href":"https:\/\/www.namira.blog.br\/v1\/wp-json\/wp\/v2\/users\/3"}],"replies":[{"embeddable":true,"href":"https:\/\/www.namira.blog.br\/v1\/wp-json\/wp\/v2\/comments?post=276"}],"version-history":[{"count":6,"href":"https:\/\/www.namira.blog.br\/v1\/wp-json\/wp\/v2\/posts\/276\/revisions"}],"predecessor-version":[{"id":290,"href":"https:\/\/www.namira.blog.br\/v1\/wp-json\/wp\/v2\/posts\/276\/revisions\/290"}],"wp:featuredmedia":[{"embeddable":true,"href":"https:\/\/www.namira.blog.br\/v1\/wp-json\/wp\/v2\/media\/294"}],"wp:attachment":[{"href":"https:\/\/www.namira.blog.br\/v1\/wp-json\/wp\/v2\/media?parent=276"}],"wp:term":[{"taxonomy":"category","embeddable":true,"href":"https:\/\/www.namira.blog.br\/v1\/wp-json\/wp\/v2\/categories?post=276"},{"taxonomy":"post_tag","embeddable":true,"href":"https:\/\/www.namira.blog.br\/v1\/wp-json\/wp\/v2\/tags?post=276"}],"curies":[{"name":"wp","href":"https:\/\/api.w.org\/{rel}","templated":true}]}}