{"id":460,"date":"2022-05-01T22:17:13","date_gmt":"2022-05-02T01:17:13","guid":{"rendered":"https:\/\/www.namira.blog.br\/v1\/?p=460"},"modified":"2022-05-01T22:17:13","modified_gmt":"2022-05-02T01:17:13","slug":"itape-prefeito-naeliton-vai-recorrer-de-decisao-do-tcm","status":"publish","type":"post","link":"https:\/\/www.namira.blog.br\/v1\/2022\/05\/01\/itape-prefeito-naeliton-vai-recorrer-de-decisao-do-tcm\/","title":{"rendered":"ITAP\u00c9: PREFEITO NAELITON VAI RECORRER DE DECIS\u00c3O DO TCM"},"content":{"rendered":"<p><img loading=\"lazy\" class=\" wp-image-461 aligncenter\" src=\"http:\/\/www.namira.blog.br\/v1\/wp-content\/uploads\/2022\/05\/images.jpg\" alt=\"\" width=\"319\" height=\"212\" \/><\/p>\n<h3 style=\"text-align: justify;\">O prefeito de Itap\u00e9 Naeliton Rosa informou que ir\u00e1 recorrer da recente decis\u00e3o do Tribunal de Contas dos Munic\u00edpios- TCM, que rejeitou as contas relativas ao ano de 2020. O prefeito determinou aos t\u00e9cnicos das \u00e1reas cont\u00e1bil e procuradoria a juntada de documentos com a finalidade de sanar as d\u00favidas apontadas pelo TCM.<\/h3>\n<h3 style=\"text-align: justify;\">Segundo Naeliton, as contas foram rejeitadas por quest\u00f5es cont\u00e1beis relacionadas aos restos a pagar conforme destaca o Art. 42 da LRF. Mas a rejei\u00e7\u00e3o n\u00e3o levou em conta algumas situa\u00e7\u00f5es vividas pelo munic\u00edpio como os efeitos e gastos gerados no primeiro ano da Pandemia da Covid-19.<\/h3>\n<h3 style=\"text-align: justify;\">O prefeito explica que na sua gest\u00e3o os compromissos com funcion\u00e1rios e fornecedores s\u00e3o honrados dentro dos prazos. As obras de conv\u00eanios t\u00eam suas presta\u00e7\u00f5es de contas em dia. \u201cNa nossa gest\u00e3o trabalhamos com transpar\u00eancia, de portas abertas para C\u00e2mara de vereadores e Minist\u00e9rio P\u00fablico, por isso vamos entrar com pedido de reconsidera\u00e7\u00e3o no TCM\u201d, disse Naeliton.<\/h3>\n","protected":false},"excerpt":{"rendered":"<p>O prefeito de Itap\u00e9 Naeliton Rosa informou que ir\u00e1 recorrer da recente decis\u00e3o do Tribunal de Contas dos Munic\u00edpios- TCM, que rejeitou as contas relativas ao ano de 2020. O prefeito determinou aos t\u00e9cnicos das \u00e1reas cont\u00e1bil e procuradoria a juntada de documentos com a finalidade de sanar as d\u00favidas apontadas pelo TCM. Segundo Naeliton, [&hellip;]<\/p>\n","protected":false},"author":3,"featured_media":461,"comment_status":"closed","ping_status":"closed","sticky":false,"template":"","format":"standard","meta":{"_links_to":"","_links_to_target":""},"categories":[11,10,35],"tags":[],"_links":{"self":[{"href":"https:\/\/www.namira.blog.br\/v1\/wp-json\/wp\/v2\/posts\/460"}],"collection":[{"href":"https:\/\/www.namira.blog.br\/v1\/wp-json\/wp\/v2\/posts"}],"about":[{"href":"https:\/\/www.namira.blog.br\/v1\/wp-json\/wp\/v2\/types\/post"}],"author":[{"embeddable":true,"href":"https:\/\/www.namira.blog.br\/v1\/wp-json\/wp\/v2\/users\/3"}],"replies":[{"embeddable":true,"href":"https:\/\/www.namira.blog.br\/v1\/wp-json\/wp\/v2\/comments?post=460"}],"version-history":[{"count":1,"href":"https:\/\/www.namira.blog.br\/v1\/wp-json\/wp\/v2\/posts\/460\/revisions"}],"predecessor-version":[{"id":462,"href":"https:\/\/www.namira.blog.br\/v1\/wp-json\/wp\/v2\/posts\/460\/revisions\/462"}],"wp:featuredmedia":[{"embeddable":true,"href":"https:\/\/www.namira.blog.br\/v1\/wp-json\/wp\/v2\/media\/461"}],"wp:attachment":[{"href":"https:\/\/www.namira.blog.br\/v1\/wp-json\/wp\/v2\/media?parent=460"}],"wp:term":[{"taxonomy":"category","embeddable":true,"href":"https:\/\/www.namira.blog.br\/v1\/wp-json\/wp\/v2\/categories?post=460"},{"taxonomy":"post_tag","embeddable":true,"href":"https:\/\/www.namira.blog.br\/v1\/wp-json\/wp\/v2\/tags?post=460"}],"curies":[{"name":"wp","href":"https:\/\/api.w.org\/{rel}","templated":true}]}}