{"id":571,"date":"2022-05-23T18:46:52","date_gmt":"2022-05-23T21:46:52","guid":{"rendered":"https:\/\/www.namira.blog.br\/v1\/?p=571"},"modified":"2022-05-23T18:46:52","modified_gmt":"2022-05-23T21:46:52","slug":"porto-seguro-mais-um-indio-assassinado","status":"publish","type":"post","link":"https:\/\/www.namira.blog.br\/v1\/2022\/05\/23\/porto-seguro-mais-um-indio-assassinado\/","title":{"rendered":"PORTO SEGURO: MAIS UM \u00cdNDIO ASSASSINADO"},"content":{"rendered":"<h3 style=\"text-align: justify;\"><img loading=\"lazy\" class=\"size-medium wp-image-572 aligncenter\" src=\"http:\/\/www.namira.blog.br\/v1\/wp-content\/uploads\/2022\/05\/INDIO-LUTO-300x300.jpg\" alt=\"\" width=\"300\" height=\"300\" srcset=\"https:\/\/www.namira.blog.br\/v1\/wp-content\/uploads\/2022\/05\/INDIO-LUTO-300x300.jpg 300w, https:\/\/www.namira.blog.br\/v1\/wp-content\/uploads\/2022\/05\/INDIO-LUTO-150x150.jpg 150w, https:\/\/www.namira.blog.br\/v1\/wp-content\/uploads\/2022\/05\/INDIO-LUTO.jpg 600w\" sizes=\"(max-width: 300px) 100vw, 300px\" \/><\/h3>\n<h3 style=\"text-align: center;\">TR\u00caS \u00cdNDIOS ASSASSINADOS ENTRE MAR\u00c7O E MAIO EM PORTO SEGURO.<\/h3>\n<h3 style=\"text-align: justify;\">Quatro homens encapuzados invadiram uma casa na Aldeia Sar\u00e3 Miraw\u00ea, na Orla Norte de Porto Seguro, e mataram um ind\u00edgena da etnia patax\u00f3 com v\u00e1rios tiros.<\/h3>\n<h3 style=\"text-align: justify;\">O crime, ocorrido por volta das 22h30 de domingo (22), teve como v\u00edtima Ueliton Concei\u00e7\u00e3o de Souza, 42 anos.<\/h3>\n<h3 style=\"text-align: justify;\">Segundo a pol\u00edcia, ele estava em casa com a esposa, gr\u00e1vida de oito meses. A mulher ainda chegou a ligar para um cunhado pedindo socorro.<\/h3>\n<h3 style=\"text-align: justify;\">Segundo ela, os bandidos teriam chegado, batido na porta e assim que Ueliton abriu recebeu o primeiro disparo. Os assassinos continuaram atirando e fugiram logo em seguida.<\/h3>\n<h3 style=\"text-align: justify;\">O casal morava em uma pequena casa sem reboco, na regi\u00e3o da Praia da Ponta Grande. A pol\u00edcia ainda n\u00e3o sabe como os assassinos chegaram, pois o local fica muito afastado da BR-367.<\/h3>\n<h3 style=\"text-align: justify;\">O crime est\u00e1 sendo investigado, mas, at\u00e9 o momento, a pol\u00edcia n\u00e3o tem nenhuma pista sobre motiva\u00e7\u00e3o ou autoria.<\/h3>\n","protected":false},"excerpt":{"rendered":"<p>TR\u00caS \u00cdNDIOS ASSASSINADOS ENTRE MAR\u00c7O E MAIO EM PORTO SEGURO. Quatro homens encapuzados invadiram uma casa na Aldeia Sar\u00e3 Miraw\u00ea, na Orla Norte de Porto Seguro, e mataram um ind\u00edgena da etnia patax\u00f3 com v\u00e1rios tiros. O crime, ocorrido por volta das 22h30 de domingo (22), teve como v\u00edtima Ueliton Concei\u00e7\u00e3o de Souza, 42 anos. [&hellip;]<\/p>\n","protected":false},"author":3,"featured_media":572,"comment_status":"closed","ping_status":"closed","sticky":false,"template":"","format":"standard","meta":{"_links_to":"","_links_to_target":""},"categories":[11,8,35],"tags":[],"_links":{"self":[{"href":"https:\/\/www.namira.blog.br\/v1\/wp-json\/wp\/v2\/posts\/571"}],"collection":[{"href":"https:\/\/www.namira.blog.br\/v1\/wp-json\/wp\/v2\/posts"}],"about":[{"href":"https:\/\/www.namira.blog.br\/v1\/wp-json\/wp\/v2\/types\/post"}],"author":[{"embeddable":true,"href":"https:\/\/www.namira.blog.br\/v1\/wp-json\/wp\/v2\/users\/3"}],"replies":[{"embeddable":true,"href":"https:\/\/www.namira.blog.br\/v1\/wp-json\/wp\/v2\/comments?post=571"}],"version-history":[{"count":1,"href":"https:\/\/www.namira.blog.br\/v1\/wp-json\/wp\/v2\/posts\/571\/revisions"}],"predecessor-version":[{"id":573,"href":"https:\/\/www.namira.blog.br\/v1\/wp-json\/wp\/v2\/posts\/571\/revisions\/573"}],"wp:featuredmedia":[{"embeddable":true,"href":"https:\/\/www.namira.blog.br\/v1\/wp-json\/wp\/v2\/media\/572"}],"wp:attachment":[{"href":"https:\/\/www.namira.blog.br\/v1\/wp-json\/wp\/v2\/media?parent=571"}],"wp:term":[{"taxonomy":"category","embeddable":true,"href":"https:\/\/www.namira.blog.br\/v1\/wp-json\/wp\/v2\/categories?post=571"},{"taxonomy":"post_tag","embeddable":true,"href":"https:\/\/www.namira.blog.br\/v1\/wp-json\/wp\/v2\/tags?post=571"}],"curies":[{"name":"wp","href":"https:\/\/api.w.org\/{rel}","templated":true}]}}