{"id":658,"date":"2022-07-04T18:42:31","date_gmt":"2022-07-04T21:42:31","guid":{"rendered":"https:\/\/www.namira.blog.br\/v1\/?p=658"},"modified":"2022-07-04T18:43:09","modified_gmt":"2022-07-04T21:43:09","slug":"itabuna-menino-de-5-anos-caiu-do-2o-andar","status":"publish","type":"post","link":"https:\/\/www.namira.blog.br\/v1\/2022\/07\/04\/itabuna-menino-de-5-anos-caiu-do-2o-andar\/","title":{"rendered":"ITABUNA: MENINO DE 5 ANOS CAIU DO 2\u00ba ANDAR"},"content":{"rendered":"<h3><img loading=\"lazy\" class=\"size-medium wp-image-659 aligncenter\" src=\"http:\/\/www.namira.blog.br\/v1\/wp-content\/uploads\/2022\/07\/FOTO-CRIANCA-225x300.jpg\" alt=\"\" width=\"225\" height=\"300\" srcset=\"https:\/\/www.namira.blog.br\/v1\/wp-content\/uploads\/2022\/07\/FOTO-CRIANCA-225x300.jpg 225w, https:\/\/www.namira.blog.br\/v1\/wp-content\/uploads\/2022\/07\/FOTO-CRIANCA.jpg 600w\" sizes=\"(max-width: 225px) 100vw, 225px\" \/><\/h3>\n<h3 style=\"text-align: center;\">TODO CUIDADO AINDA \u00c9 POUCO!<\/h3>\n<h3 style=\"text-align: justify;\">Um acidente ocorrido na Rua Santa Rita Vanjory, nas imedia\u00e7\u00f5es do final de linha do bairro S\u00e3o Caetano, em Itabuna, resultou em uma crian\u00e7a de apenas 05 anos de idade, bastante ferida.<\/h3>\n<h3 style=\"text-align: justify;\">O menino, morador do bairro Calif\u00f3rnia, visitava a av\u00f3, e brincava na janela do primeiro andar do im\u00f3vel. No entanto, a grade de uma das janelas cedeu, e a crian\u00e7a caiu, da altura do primeiro andar, de aproximadamente 8m, em via p\u00fablica.<\/h3>\n<h3 style=\"text-align: justify;\">Moradores da regi\u00e3o e o dono de uma mercearia acionaram, de imediato, uma equipe do Servi\u00e7o de Atendimento M\u00f3vel de Urg\u00eancia (Samu\u00a0 192), que socorreu a pequena v\u00edtima para o Hospital Manoel Novaes.<\/h3>\n<h3 style=\"text-align: justify;\">No momento do acidente, estavam na casa, al\u00e9m da v\u00edtima, a av\u00f3, a m\u00e3e e outros dois irm\u00e3os. As marcas de sangue que ficaram no ch\u00e3o, oriundas dos ferimentos da crian\u00e7a, assustaram populares, tanto\u00a0<i>in locco<\/i>, quanto em imagens divulgadas em grupos regionais de redes sociais. O estado de sa\u00fade do pequeno Miguel \u00e9 considerado grave, e ele respira com ajuda de aparelhos.<\/h3>\n","protected":false},"excerpt":{"rendered":"<p>TODO CUIDADO AINDA \u00c9 POUCO! Um acidente ocorrido na Rua Santa Rita Vanjory, nas imedia\u00e7\u00f5es do final de linha do bairro S\u00e3o Caetano, em Itabuna, resultou em uma crian\u00e7a de apenas 05 anos de idade, bastante ferida. O menino, morador do bairro Calif\u00f3rnia, visitava a av\u00f3, e brincava na janela do primeiro andar do im\u00f3vel. [&hellip;]<\/p>\n","protected":false},"author":3,"featured_media":659,"comment_status":"closed","ping_status":"closed","sticky":false,"template":"","format":"standard","meta":{"_links_to":"","_links_to_target":""},"categories":[6,1,8,35],"tags":[],"_links":{"self":[{"href":"https:\/\/www.namira.blog.br\/v1\/wp-json\/wp\/v2\/posts\/658"}],"collection":[{"href":"https:\/\/www.namira.blog.br\/v1\/wp-json\/wp\/v2\/posts"}],"about":[{"href":"https:\/\/www.namira.blog.br\/v1\/wp-json\/wp\/v2\/types\/post"}],"author":[{"embeddable":true,"href":"https:\/\/www.namira.blog.br\/v1\/wp-json\/wp\/v2\/users\/3"}],"replies":[{"embeddable":true,"href":"https:\/\/www.namira.blog.br\/v1\/wp-json\/wp\/v2\/comments?post=658"}],"version-history":[{"count":1,"href":"https:\/\/www.namira.blog.br\/v1\/wp-json\/wp\/v2\/posts\/658\/revisions"}],"predecessor-version":[{"id":660,"href":"https:\/\/www.namira.blog.br\/v1\/wp-json\/wp\/v2\/posts\/658\/revisions\/660"}],"wp:featuredmedia":[{"embeddable":true,"href":"https:\/\/www.namira.blog.br\/v1\/wp-json\/wp\/v2\/media\/659"}],"wp:attachment":[{"href":"https:\/\/www.namira.blog.br\/v1\/wp-json\/wp\/v2\/media?parent=658"}],"wp:term":[{"taxonomy":"category","embeddable":true,"href":"https:\/\/www.namira.blog.br\/v1\/wp-json\/wp\/v2\/categories?post=658"},{"taxonomy":"post_tag","embeddable":true,"href":"https:\/\/www.namira.blog.br\/v1\/wp-json\/wp\/v2\/tags?post=658"}],"curies":[{"name":"wp","href":"https:\/\/api.w.org\/{rel}","templated":true}]}}