{"id":682,"date":"2022-07-21T10:03:11","date_gmt":"2022-07-21T13:03:11","guid":{"rendered":"https:\/\/www.namira.blog.br\/v1\/?p=682"},"modified":"2022-07-21T10:03:11","modified_gmt":"2022-07-21T13:03:11","slug":"itabuna-ex-prefeito-fernando-gomes-vai-para-a-uti","status":"publish","type":"post","link":"https:\/\/www.namira.blog.br\/v1\/2022\/07\/21\/itabuna-ex-prefeito-fernando-gomes-vai-para-a-uti\/","title":{"rendered":"ITABUNA: EX-PREFEITO FERNANDO GOMES VAI PARA A UTI"},"content":{"rendered":"<h3 style=\"text-align: justify;\"><img loading=\"lazy\" class=\" wp-image-683 aligncenter\" src=\"http:\/\/www.namira.blog.br\/v1\/wp-content\/uploads\/2022\/07\/FERNANDO-GOMES-1-300x200.jpg\" alt=\"\" width=\"335\" height=\"223\" srcset=\"https:\/\/www.namira.blog.br\/v1\/wp-content\/uploads\/2022\/07\/FERNANDO-GOMES-1-300x200.jpg 300w, https:\/\/www.namira.blog.br\/v1\/wp-content\/uploads\/2022\/07\/FERNANDO-GOMES-1.jpg 600w\" sizes=\"(max-width: 335px) 100vw, 335px\" \/>O Quadro de sa\u00fade do ex-prefeito de Itabuna, Fernando Gomes, teve uma piora nas \u00faltimas horas. Segundo informa\u00e7\u00f5es, Fernando necessitou ser internado em uma Unidade de Terapia Intensiva \u2013 UTI. O iPolitica est\u00e1 acompanhando a situa\u00e7\u00e3o.<\/h3>\n<p><img loading=\"lazy\" class=\" wp-image-684 aligncenter\" src=\"http:\/\/www.namira.blog.br\/v1\/wp-content\/uploads\/2022\/07\/FERNANDO-O-300x200.jpg\" alt=\"\" width=\"335\" height=\"223\" srcset=\"https:\/\/www.namira.blog.br\/v1\/wp-content\/uploads\/2022\/07\/FERNANDO-O-300x200.jpg 300w, https:\/\/www.namira.blog.br\/v1\/wp-content\/uploads\/2022\/07\/FERNANDO-O.jpg 450w\" sizes=\"(max-width: 335px) 100vw, 335px\" \/><\/p>\n<h3 style=\"text-align: justify;\">O Ex-Prefeito foi internado na \u00faltima quinta-feira, 14,\u00a0 no Hospital Alian\u00e7a em Salvador com fortes dores abdominais e sinais de uma crise hep\u00e1tica. No s\u00e1bado, 16, a assessoria de Fernando Gomes informou que ele deveria ter alta na segunda-feira, 18.<\/h3>\n","protected":false},"excerpt":{"rendered":"<p>O Quadro de sa\u00fade do ex-prefeito de Itabuna, Fernando Gomes, teve uma piora nas \u00faltimas horas. Segundo informa\u00e7\u00f5es, Fernando necessitou ser internado em uma Unidade de Terapia Intensiva \u2013 UTI. O iPolitica est\u00e1 acompanhando a situa\u00e7\u00e3o. O Ex-Prefeito foi internado na \u00faltima quinta-feira, 14,\u00a0 no Hospital Alian\u00e7a em Salvador com fortes dores abdominais e sinais [&hellip;]<\/p>\n","protected":false},"author":3,"featured_media":683,"comment_status":"closed","ping_status":"closed","sticky":false,"template":"","format":"standard","meta":{"_links_to":"","_links_to_target":""},"categories":[11,9,4,10,35],"tags":[],"_links":{"self":[{"href":"https:\/\/www.namira.blog.br\/v1\/wp-json\/wp\/v2\/posts\/682"}],"collection":[{"href":"https:\/\/www.namira.blog.br\/v1\/wp-json\/wp\/v2\/posts"}],"about":[{"href":"https:\/\/www.namira.blog.br\/v1\/wp-json\/wp\/v2\/types\/post"}],"author":[{"embeddable":true,"href":"https:\/\/www.namira.blog.br\/v1\/wp-json\/wp\/v2\/users\/3"}],"replies":[{"embeddable":true,"href":"https:\/\/www.namira.blog.br\/v1\/wp-json\/wp\/v2\/comments?post=682"}],"version-history":[{"count":1,"href":"https:\/\/www.namira.blog.br\/v1\/wp-json\/wp\/v2\/posts\/682\/revisions"}],"predecessor-version":[{"id":685,"href":"https:\/\/www.namira.blog.br\/v1\/wp-json\/wp\/v2\/posts\/682\/revisions\/685"}],"wp:featuredmedia":[{"embeddable":true,"href":"https:\/\/www.namira.blog.br\/v1\/wp-json\/wp\/v2\/media\/683"}],"wp:attachment":[{"href":"https:\/\/www.namira.blog.br\/v1\/wp-json\/wp\/v2\/media?parent=682"}],"wp:term":[{"taxonomy":"category","embeddable":true,"href":"https:\/\/www.namira.blog.br\/v1\/wp-json\/wp\/v2\/categories?post=682"},{"taxonomy":"post_tag","embeddable":true,"href":"https:\/\/www.namira.blog.br\/v1\/wp-json\/wp\/v2\/tags?post=682"}],"curies":[{"name":"wp","href":"https:\/\/api.w.org\/{rel}","templated":true}]}}