{"id":691,"date":"2022-07-24T19:33:33","date_gmt":"2022-07-24T22:33:33","guid":{"rendered":"https:\/\/www.namira.blog.br\/v1\/?p=691"},"modified":"2022-07-24T19:33:33","modified_gmt":"2022-07-24T22:33:33","slug":"fernando-gomes-rui-costa-decreta-luto-oficial","status":"publish","type":"post","link":"https:\/\/www.namira.blog.br\/v1\/2022\/07\/24\/fernando-gomes-rui-costa-decreta-luto-oficial\/","title":{"rendered":"FERNANDO GOMES: RUI COSTA DECRETA LUTO OFICIAL"},"content":{"rendered":"<p><img loading=\"lazy\" class=\" wp-image-692 aligncenter\" src=\"http:\/\/www.namira.blog.br\/v1\/wp-content\/uploads\/2022\/07\/fg.jpg\" alt=\"\" width=\"296\" height=\"254\" \/><\/p>\n<h3 style=\"text-align: center;\"><em>FERNANDO GOMES E RUI COSTA.<\/em><\/h3>\n<h3 style=\"text-align: justify;\">O governador Rui Costa lamentou no in\u00edcio da noite deste domingo (24) a morte do ex-prefeito de Itabuna, Fernando Gomes. Rui tamb\u00e9m decretou luto oficial de tr\u00eas dias no Estado.<\/h3>\n<h3 style=\"text-align: justify;\">\u201cQuero manifestar meu pesar pela morte do ex-prefeito de Itabuna e ex-deputado federal, Fernando Gomes. Que Deus conforte seus familiares, amigos e itabunenses\u201d, escreveu o governador em sua conta no Twitter.<\/h3>\n<h3 style=\"text-align: justify;\">Fernando Gomes foi prefeito de Itabuna por cinco mandatos e tamb\u00e9m ex-deputado federal. Ele faleceu na tarde do domingo em Salvador.<\/h3>\n","protected":false},"excerpt":{"rendered":"<p>FERNANDO GOMES E RUI COSTA. O governador Rui Costa lamentou no in\u00edcio da noite deste domingo (24) a morte do ex-prefeito de Itabuna, Fernando Gomes. Rui tamb\u00e9m decretou luto oficial de tr\u00eas dias no Estado. \u201cQuero manifestar meu pesar pela morte do ex-prefeito de Itabuna e ex-deputado federal, Fernando Gomes. Que Deus conforte seus familiares, [&hellip;]<\/p>\n","protected":false},"author":3,"featured_media":692,"comment_status":"closed","ping_status":"closed","sticky":false,"template":"","format":"standard","meta":{"_links_to":"","_links_to_target":""},"categories":[11,6,10,35],"tags":[],"_links":{"self":[{"href":"https:\/\/www.namira.blog.br\/v1\/wp-json\/wp\/v2\/posts\/691"}],"collection":[{"href":"https:\/\/www.namira.blog.br\/v1\/wp-json\/wp\/v2\/posts"}],"about":[{"href":"https:\/\/www.namira.blog.br\/v1\/wp-json\/wp\/v2\/types\/post"}],"author":[{"embeddable":true,"href":"https:\/\/www.namira.blog.br\/v1\/wp-json\/wp\/v2\/users\/3"}],"replies":[{"embeddable":true,"href":"https:\/\/www.namira.blog.br\/v1\/wp-json\/wp\/v2\/comments?post=691"}],"version-history":[{"count":1,"href":"https:\/\/www.namira.blog.br\/v1\/wp-json\/wp\/v2\/posts\/691\/revisions"}],"predecessor-version":[{"id":693,"href":"https:\/\/www.namira.blog.br\/v1\/wp-json\/wp\/v2\/posts\/691\/revisions\/693"}],"wp:featuredmedia":[{"embeddable":true,"href":"https:\/\/www.namira.blog.br\/v1\/wp-json\/wp\/v2\/media\/692"}],"wp:attachment":[{"href":"https:\/\/www.namira.blog.br\/v1\/wp-json\/wp\/v2\/media?parent=691"}],"wp:term":[{"taxonomy":"category","embeddable":true,"href":"https:\/\/www.namira.blog.br\/v1\/wp-json\/wp\/v2\/categories?post=691"},{"taxonomy":"post_tag","embeddable":true,"href":"https:\/\/www.namira.blog.br\/v1\/wp-json\/wp\/v2\/tags?post=691"}],"curies":[{"name":"wp","href":"https:\/\/api.w.org\/{rel}","templated":true}]}}