{"id":694,"date":"2022-07-24T19:40:45","date_gmt":"2022-07-24T22:40:45","guid":{"rendered":"https:\/\/www.namira.blog.br\/v1\/?p=694"},"modified":"2022-07-24T19:43:19","modified_gmt":"2022-07-24T22:43:19","slug":"itabuna-morre-o-ex-prefeito-fernando-gomes","status":"publish","type":"post","link":"https:\/\/www.namira.blog.br\/v1\/2022\/07\/24\/itabuna-morre-o-ex-prefeito-fernando-gomes\/","title":{"rendered":"ITABUNA: MORRE O EX-PREFEITO FERNANDO GOMES"},"content":{"rendered":"<p><img loading=\"lazy\" class=\" wp-image-684 aligncenter\" src=\"http:\/\/www.namira.blog.br\/v1\/wp-content\/uploads\/2022\/07\/FERNANDO-O-300x200.jpg\" alt=\"\" width=\"352\" height=\"234\" srcset=\"https:\/\/www.namira.blog.br\/v1\/wp-content\/uploads\/2022\/07\/FERNANDO-O-300x200.jpg 300w, https:\/\/www.namira.blog.br\/v1\/wp-content\/uploads\/2022\/07\/FERNANDO-O.jpg 450w\" sizes=\"(max-width: 352px) 100vw, 352px\" \/><\/p>\n<h3 style=\"text-align: justify;\">Faleceu na tarde este domingo (24), o ex-prefeito de Itabuna, Fernando Gomes de Oliveira. Ele estava internado no Hospital Alian\u00e7a em Salvador, para tratar de uma infec\u00e7\u00e3o no f\u00edgado e combater uma bact\u00e9ria na perna. O quadro se agravou e ele foi transferido para UTI na semana passada e teve uma perna amputada neste s\u00e1bado (23). Fernando Gomes tinha 83 anos e foi prefeito por cinco vezes de Itabuna e deputado federal por tr\u00eas. Come\u00e7ou a carreira na d\u00e9cada de 70, quando assumiu o cargo de secret\u00e1rio de Administra\u00e7\u00e3o no governo do ent\u00e3o prefeito Jos\u00e9 Oduque Teixeira. Depois foi prefeito cinco vezes prefeito e tr\u00eas vezes deputado federal. Foi inimigo e depois aliado do ex-governado e senador Ant\u00f4nio Carlos Magalh\u00e3es. Gomes tamb\u00e9m foi inimigo do PT durante muitos anos, mas tornou-se um aliado do Governado Rui Costa. A carreira do ex-prefeito foi cheia de pol\u00eamicas, acusa\u00e7\u00f5es de improbidade, mas tamb\u00e9m por gest\u00f5es com grandes obras realizadas, como Vila Ol\u00edmpica de Itabuna, implanta\u00e7\u00e3o de rede de esgoto e pavimenta\u00e7\u00e3o de ruas. Ele deixa vi\u00fava, filhos e neto.<img loading=\"lazy\" class=\" wp-image-503 aligncenter\" src=\"http:\/\/www.namira.blog.br\/v1\/wp-content\/uploads\/2022\/05\/fernando-gomes-300x169.jpg\" alt=\"\" width=\"357\" height=\"201\" srcset=\"https:\/\/www.namira.blog.br\/v1\/wp-content\/uploads\/2022\/05\/fernando-gomes-300x169.jpg 300w, https:\/\/www.namira.blog.br\/v1\/wp-content\/uploads\/2022\/05\/fernando-gomes.jpg 600w\" sizes=\"(max-width: 357px) 100vw, 357px\" \/><\/h3>\n<h3 style=\"text-align: justify;\">O corpo dever\u00e1 ser levado para Itabuna onde ser\u00e1 sepultado. O vel\u00f3rio acontecer\u00e1 na Sala Principal do Teatro Municipal Candinha Doria, uma das obras mais representativas da vida pol\u00edtica do ex-prefeito e que demarcou a sua \u00faltima gest\u00e3o, entre 2017 e 2020. A Prefeitura de Itabuna suspender\u00e1 o expediente em \u00f3rg\u00e3os da administra\u00e7\u00e3o centralizada e indireta nesta segunda-feira (25), incluindo a Emasa e as funda\u00e7\u00f5es Marimbeta, FICC e FASI e \u00e1rea administrativa do Hospital de Base Lu\u00eds Eduardo Magalh\u00e3es. As Unidades B\u00e1sicas e de Sa\u00fade da Fam\u00edlia funcionar\u00e3o normalmente.<\/h3>\n<p><img loading=\"lazy\" class=\" wp-image-683 aligncenter\" src=\"http:\/\/www.namira.blog.br\/v1\/wp-content\/uploads\/2022\/07\/FERNANDO-GOMES-1-300x200.jpg\" alt=\"\" width=\"342\" height=\"228\" srcset=\"https:\/\/www.namira.blog.br\/v1\/wp-content\/uploads\/2022\/07\/FERNANDO-GOMES-1-300x200.jpg 300w, https:\/\/www.namira.blog.br\/v1\/wp-content\/uploads\/2022\/07\/FERNANDO-GOMES-1.jpg 600w\" sizes=\"(max-width: 342px) 100vw, 342px\" \/><\/p>\n<h3 style=\"text-align: justify;\"><b>Mo\u00e7\u00e3o de Pesar:<\/b>\u00a0<i>O prefeito de Itabuna, Augusto Castro, consternado lamenta o falecimento do ex-prefeito de Itabuna, Fernando Gomes Oliveira, hoje, dia 24, em Salvador, onde encontrava-se internado com uma enfermidade. Pol\u00edtico desde a d\u00e9cada de 1960, teve cinco mandatos de prefeito ao longo de sua trajet\u00f3ria, que se iniciou em 1977 ao suceder o ex-prefeito Jos\u00e9 Oduque Teixeira. Seus mandatos foram de 1\u00ba de janeiro de 1977 a 31 de dezembro de 1982, 1\u00ba de janeiro de 1989 a 1992, 1\u00ba de janeiro de 1997 a 31 de dezembro de 2000, 1\u00ba de janeiro de2005 a 31 de dezembro de 2008 e 1\u00ba de janeiro de 2017 a 31 de dezembro de 2020. Tamb\u00e9m foi deputado federal 1983 a 1988, (constituinte) 1987 a 1988 de 1995 a 1996. Natural de Itabuna, onde nasceu no dia 30 de junho de 1939, filho de Jos\u00e9 Oliveira de Freitas e de Ester Gomes de Oliveira, fez curso t\u00e9cnico em contabilidade no Col\u00e9gio Comercial de Itabuna entre 1961 e 1963, per\u00edodo em que se filiou ao Partido Trabalhista Brasileiro (PTB). Ao longo desses anos, dedicou-se a atividades agropecu\u00e1rias em suas propriedades no sul e no sudoeste do estado. Foi casado com Gislene Neiva Monteiro Oliveira, com que teve quatro filhos. Atualmente era casado com Sandra Neilma, com que tem duas filhas. Decretei luto oficial por tr\u00eas dias em mem\u00f3ria do ex-prefeito Fernando Gomes Oliveira, cuja trajet\u00f3ria pol\u00edtica e administrativa \u00e9 por todos reconhecida. Que descanse em paz. Itabuna (BA) 24 de julho de 2022 Augusto Castro Prefeito.<\/i><\/h3>\n","protected":false},"excerpt":{"rendered":"<p>Faleceu na tarde este domingo (24), o ex-prefeito de Itabuna, Fernando Gomes de Oliveira. Ele estava internado no Hospital Alian\u00e7a em Salvador, para tratar de uma infec\u00e7\u00e3o no f\u00edgado e combater uma bact\u00e9ria na perna. O quadro se agravou e ele foi transferido para UTI na semana passada e teve uma perna amputada neste s\u00e1bado [&hellip;]<\/p>\n","protected":false},"author":3,"featured_media":684,"comment_status":"closed","ping_status":"closed","sticky":false,"template":"","format":"standard","meta":{"_links_to":"","_links_to_target":""},"categories":[11,9,2,10,35],"tags":[],"_links":{"self":[{"href":"https:\/\/www.namira.blog.br\/v1\/wp-json\/wp\/v2\/posts\/694"}],"collection":[{"href":"https:\/\/www.namira.blog.br\/v1\/wp-json\/wp\/v2\/posts"}],"about":[{"href":"https:\/\/www.namira.blog.br\/v1\/wp-json\/wp\/v2\/types\/post"}],"author":[{"embeddable":true,"href":"https:\/\/www.namira.blog.br\/v1\/wp-json\/wp\/v2\/users\/3"}],"replies":[{"embeddable":true,"href":"https:\/\/www.namira.blog.br\/v1\/wp-json\/wp\/v2\/comments?post=694"}],"version-history":[{"count":1,"href":"https:\/\/www.namira.blog.br\/v1\/wp-json\/wp\/v2\/posts\/694\/revisions"}],"predecessor-version":[{"id":695,"href":"https:\/\/www.namira.blog.br\/v1\/wp-json\/wp\/v2\/posts\/694\/revisions\/695"}],"wp:featuredmedia":[{"embeddable":true,"href":"https:\/\/www.namira.blog.br\/v1\/wp-json\/wp\/v2\/media\/684"}],"wp:attachment":[{"href":"https:\/\/www.namira.blog.br\/v1\/wp-json\/wp\/v2\/media?parent=694"}],"wp:term":[{"taxonomy":"category","embeddable":true,"href":"https:\/\/www.namira.blog.br\/v1\/wp-json\/wp\/v2\/categories?post=694"},{"taxonomy":"post_tag","embeddable":true,"href":"https:\/\/www.namira.blog.br\/v1\/wp-json\/wp\/v2\/tags?post=694"}],"curies":[{"name":"wp","href":"https:\/\/api.w.org\/{rel}","templated":true}]}}