{"id":701,"date":"2022-08-02T13:44:31","date_gmt":"2022-08-02T16:44:31","guid":{"rendered":"https:\/\/www.namira.blog.br\/v1\/?p=701"},"modified":"2022-08-02T13:44:31","modified_gmt":"2022-08-02T16:44:31","slug":"agora-menina-de-14-anos-morre-em-assalto-no-centro-de-salvador","status":"publish","type":"post","link":"https:\/\/www.namira.blog.br\/v1\/2022\/08\/02\/agora-menina-de-14-anos-morre-em-assalto-no-centro-de-salvador\/","title":{"rendered":"AGORA: MENINA DE 14 ANOS MORRE EM ASSALTO NO CENTRO DE SALVADOR"},"content":{"rendered":"<h3><img loading=\"lazy\" class=\"size-medium wp-image-702 aligncenter\" src=\"http:\/\/www.namira.blog.br\/v1\/wp-content\/uploads\/2022\/08\/1-VIL-300x217.jpg\" alt=\"\" width=\"300\" height=\"217\" srcset=\"https:\/\/www.namira.blog.br\/v1\/wp-content\/uploads\/2022\/08\/1-VIL-300x217.jpg 300w, https:\/\/www.namira.blog.br\/v1\/wp-content\/uploads\/2022\/08\/1-VIL.jpg 600w\" sizes=\"(max-width: 300px) 100vw, 300px\" \/><\/h3>\n<h3 style=\"text-align: justify;\">Uma adolescente de 15 anos morreu ap\u00f3s ser baleada em um assalto em frente ao Pal\u00e1cio da Aclama\u00e7\u00e3o, pr\u00f3ximo ao Campo Grande, no Centro de\u00a0<a href=\"https:\/\/g1.globo.com\/ba\/bahia\/cidade\/salvador\/\">Salvador<\/a>. O caso aconteceu por volta das 7h desta ter\u00e7a-feira (2).<\/h3>\n<h3 style=\"text-align: justify;\">A v\u00edtima \u00e9 a Cristal Rodrigues Pacheco. Ela estava de uniforme, e seguia para uma escola particular da regi\u00e3o, junto com a m\u00e3e e a irm\u00e3, de 12 anos. As tr\u00eas foram abordadas por duas mulheres, e uma delas disparou contra a adolescente.<\/h3>\n<p class=\"content-text__container \" data-track-category=\"Link no Texto\" data-track-links=\"\">Depois de atirar contra a v\u00edtima, as duas suspeitas fugiram do local. A pol\u00edcia ainda n\u00e3o deu detalhes sobre as circunst\u00e2ncias do assalto. C\u00e2meras de seguran\u00e7a instaladas na regi\u00e3o entre o Pal\u00e1cio da Aclama\u00e7\u00e3o e o Passeio P\u00fablico podem ajudar a esclarecer o que aconteceu, antes da adolescente ser baleada.<\/p>\n<div class=\"mc-column content-text active-extra-styles \" data-block-type=\"unstyled\" data-block-weight=\"48\" data-block-id=\"8\">\n<h3 class=\"content-text__container \" style=\"text-align: justify;\" data-track-category=\"Link no Texto\">Uma delas, instalada em um restaurante, registrou o momento em que Cristal passa no local com a irm\u00e3 e uma outra mulher, que seria a m\u00e3e dela. Ela \u00e9 est\u00e1 de blusa branca. Cerca de dois minutos depois, uma adolescente volta no sentido contr\u00e1rio, correndo.<strong><em>\u00a0<\/em><\/strong><\/h3>\n<h3 style=\"text-align: justify;\" data-track-category=\"Link no Texto\">O local foi isolado e o Departamento de Pol\u00edcia T\u00e9cnica (DPT) fez a remo\u00e7\u00e3o do corpo da v\u00edtima para o Instituto M\u00e9dico Legal (IML). A Pol\u00edcia Militar j\u00e1 identificou as suspeitas e iniciou uma opera\u00e7\u00e3o na regi\u00e3o do Dois de Julho e Gamboa de Cima, para prender as duas mulheres.<\/h3>\n<h3 style=\"text-align: justify;\" data-track-category=\"Link no Texto\">ABSURDO!<\/h3>\n<\/div>\n","protected":false},"excerpt":{"rendered":"<p>Uma adolescente de 15 anos morreu ap\u00f3s ser baleada em um assalto em frente ao Pal\u00e1cio da Aclama\u00e7\u00e3o, pr\u00f3ximo ao Campo Grande, no Centro de\u00a0Salvador. O caso aconteceu por volta das 7h desta ter\u00e7a-feira (2). A v\u00edtima \u00e9 a Cristal Rodrigues Pacheco. Ela estava de uniforme, e seguia para uma escola particular da regi\u00e3o, junto [&hellip;]<\/p>\n","protected":false},"author":3,"featured_media":702,"comment_status":"closed","ping_status":"closed","sticky":false,"template":"","format":"standard","meta":{"_links_to":"","_links_to_target":""},"categories":[1],"tags":[],"_links":{"self":[{"href":"https:\/\/www.namira.blog.br\/v1\/wp-json\/wp\/v2\/posts\/701"}],"collection":[{"href":"https:\/\/www.namira.blog.br\/v1\/wp-json\/wp\/v2\/posts"}],"about":[{"href":"https:\/\/www.namira.blog.br\/v1\/wp-json\/wp\/v2\/types\/post"}],"author":[{"embeddable":true,"href":"https:\/\/www.namira.blog.br\/v1\/wp-json\/wp\/v2\/users\/3"}],"replies":[{"embeddable":true,"href":"https:\/\/www.namira.blog.br\/v1\/wp-json\/wp\/v2\/comments?post=701"}],"version-history":[{"count":1,"href":"https:\/\/www.namira.blog.br\/v1\/wp-json\/wp\/v2\/posts\/701\/revisions"}],"predecessor-version":[{"id":703,"href":"https:\/\/www.namira.blog.br\/v1\/wp-json\/wp\/v2\/posts\/701\/revisions\/703"}],"wp:featuredmedia":[{"embeddable":true,"href":"https:\/\/www.namira.blog.br\/v1\/wp-json\/wp\/v2\/media\/702"}],"wp:attachment":[{"href":"https:\/\/www.namira.blog.br\/v1\/wp-json\/wp\/v2\/media?parent=701"}],"wp:term":[{"taxonomy":"category","embeddable":true,"href":"https:\/\/www.namira.blog.br\/v1\/wp-json\/wp\/v2\/categories?post=701"},{"taxonomy":"post_tag","embeddable":true,"href":"https:\/\/www.namira.blog.br\/v1\/wp-json\/wp\/v2\/tags?post=701"}],"curies":[{"name":"wp","href":"https:\/\/api.w.org\/{rel}","templated":true}]}}