{"id":705,"date":"2022-08-06T09:07:53","date_gmt":"2022-08-06T12:07:53","guid":{"rendered":"https:\/\/www.namira.blog.br\/v1\/?p=705"},"modified":"2022-08-06T09:07:53","modified_gmt":"2022-08-06T12:07:53","slug":"romaria-do-bom-jesus-da-lapa-2-anos-depois","status":"publish","type":"post","link":"https:\/\/www.namira.blog.br\/v1\/2022\/08\/06\/romaria-do-bom-jesus-da-lapa-2-anos-depois\/","title":{"rendered":"ROMARIA DO BOM JESUS DA LAPA: 2 ANOS DEPOIS&#8230;"},"content":{"rendered":"<h3 style=\"text-align: justify;\"><img loading=\"lazy\" class=\" wp-image-706 aligncenter\" src=\"http:\/\/www.namira.blog.br\/v1\/wp-content\/uploads\/2022\/08\/LAPAA-300x199.jpg\" alt=\"\" width=\"332\" height=\"220\" srcset=\"https:\/\/www.namira.blog.br\/v1\/wp-content\/uploads\/2022\/08\/LAPAA-300x199.jpg 300w, https:\/\/www.namira.blog.br\/v1\/wp-content\/uploads\/2022\/08\/LAPAA.jpg 600w\" sizes=\"(max-width: 332px) 100vw, 332px\" \/>A tradicional romaria de Bom Jesus da Lapa, no oeste da Bahia, re\u00fane milhares de fi\u00e9is desde as primeiras horas desta sexta-feira (05), depois de dois anos suspensa por causa da pandemia de Covid-19. Este ano, a romaria, que ocorre h\u00e1 331 anos, foi refor\u00e7ada com o t\u00edtulo de patrim\u00f4nio imaterial, concedido em cerim\u00f4nia na \u00faltima quinta-feira (4) pela C\u00e2mara do Patrim\u00f4nio Cultural do Estado.<\/h3>\n<p><img loading=\"lazy\" class=\" wp-image-707 aligncenter\" src=\"http:\/\/www.namira.blog.br\/v1\/wp-content\/uploads\/2022\/08\/LAPA-1-300x188.jpg\" alt=\"\" width=\"337\" height=\"211\" srcset=\"https:\/\/www.namira.blog.br\/v1\/wp-content\/uploads\/2022\/08\/LAPA-1-300x188.jpg 300w, https:\/\/www.namira.blog.br\/v1\/wp-content\/uploads\/2022\/08\/LAPA-1.jpg 600w\" sizes=\"(max-width: 337px) 100vw, 337px\" \/><\/p>\n<h3 style=\"text-align: justify;\">As celebra\u00e7\u00f5es acontecem na Gruta do Bom Jesus. Os primeiros fi\u00e9is chegaram ao santu\u00e1rio ainda durante a madrugada. A gruta abre \u00e0s 4 horas, quando come\u00e7a a movimenta\u00e7\u00e3o, e, em seguida, \u00e9 realizado o Santo Of\u00edcio. Missas e celebra\u00e7\u00f5es est\u00e3o previstas para o longo do dia.<\/h3>\n<h3 style=\"text-align: justify;\">Nesta sexta-feira (05), \u00e9 encerrado tamb\u00e9m o noven\u00e1rio, que antecede a prociss\u00e3o prevista para acontecer neste s\u00e1bado, \u00e0s 17 horas. A expectativa \u00e9 que pelo menos 600 mil pessoas participem das celebra\u00e7\u00f5es. Esta \u00e9 a mesma quantidade que esteve no local em 2019, a \u00faltima que aconteceu antes da suspens\u00e3o da celebra\u00e7\u00e3o presencial por causa da pandemia. No ano passado, o evento aconteceu de maneira semipresencial e em 2020, de forma totalmente online.<\/h3>\n<h3 style=\"text-align: justify;\">Programa\u00e7\u00e3o da celebra\u00e7\u00e3o<\/h3>\n<h3 style=\"text-align: justify;\">Sexta-feira (05) &#8211; subtema: Bom Jesus, filho de Maria, nos ensina a agir com miseric\u00f3rdia<\/h3>\n<h3 style=\"text-align: justify;\">S\u00e1bado (06) &#8211; festa do Bom Jesus da Lapa<\/h3>\n<h3 style=\"text-align: justify;\">Alvorada, \u00e0s 5h &#8211; Tema: Bom jesus, filho de Maria: caminho, verdade e vida<\/h3>\n<h3 style=\"text-align: justify;\">Santa missa, \u00e0s 7h<\/h3>\n<h3 style=\"text-align: justify;\">Ter\u00e7o da divina miseric\u00f3rdia e b\u00ean\u00e7\u00e3os, \u00e0s 15h<\/h3>\n<h3 style=\"text-align: justify;\">Prociss\u00e3o com o Bom Jesus, \u00e0s 17h<\/h3>\n<h3 style=\"text-align: justify;\">Celebra\u00e7\u00e3o de encerramento, \u00e0s 18h<\/h3>\n","protected":false},"excerpt":{"rendered":"<p>A tradicional romaria de Bom Jesus da Lapa, no oeste da Bahia, re\u00fane milhares de fi\u00e9is desde as primeiras horas desta sexta-feira (05), depois de dois anos suspensa por causa da pandemia de Covid-19. Este ano, a romaria, que ocorre h\u00e1 331 anos, foi refor\u00e7ada com o t\u00edtulo de patrim\u00f4nio imaterial, concedido em cerim\u00f4nia na [&hellip;]<\/p>\n","protected":false},"author":3,"featured_media":706,"comment_status":"closed","ping_status":"closed","sticky":false,"template":"","format":"standard","meta":{"_links_to":"","_links_to_target":""},"categories":[1],"tags":[],"_links":{"self":[{"href":"https:\/\/www.namira.blog.br\/v1\/wp-json\/wp\/v2\/posts\/705"}],"collection":[{"href":"https:\/\/www.namira.blog.br\/v1\/wp-json\/wp\/v2\/posts"}],"about":[{"href":"https:\/\/www.namira.blog.br\/v1\/wp-json\/wp\/v2\/types\/post"}],"author":[{"embeddable":true,"href":"https:\/\/www.namira.blog.br\/v1\/wp-json\/wp\/v2\/users\/3"}],"replies":[{"embeddable":true,"href":"https:\/\/www.namira.blog.br\/v1\/wp-json\/wp\/v2\/comments?post=705"}],"version-history":[{"count":1,"href":"https:\/\/www.namira.blog.br\/v1\/wp-json\/wp\/v2\/posts\/705\/revisions"}],"predecessor-version":[{"id":708,"href":"https:\/\/www.namira.blog.br\/v1\/wp-json\/wp\/v2\/posts\/705\/revisions\/708"}],"wp:featuredmedia":[{"embeddable":true,"href":"https:\/\/www.namira.blog.br\/v1\/wp-json\/wp\/v2\/media\/706"}],"wp:attachment":[{"href":"https:\/\/www.namira.blog.br\/v1\/wp-json\/wp\/v2\/media?parent=705"}],"wp:term":[{"taxonomy":"category","embeddable":true,"href":"https:\/\/www.namira.blog.br\/v1\/wp-json\/wp\/v2\/categories?post=705"},{"taxonomy":"post_tag","embeddable":true,"href":"https:\/\/www.namira.blog.br\/v1\/wp-json\/wp\/v2\/tags?post=705"}],"curies":[{"name":"wp","href":"https:\/\/api.w.org\/{rel}","templated":true}]}}